{"id":5408,"date":"2016-07-04T11:25:28","date_gmt":"2016-07-04T09:25:28","guid":{"rendered":"http:\/\/german.network.news.xerox.com\/?p=5408"},"modified":"2016-07-12T11:26:32","modified_gmt":"2016-07-12T09:26:32","slug":"nach-der-aufteilung-von-xerox-jeff-jacobson-wird-ceo-der-xerox-corporation","status":"publish","type":"post","link":"https:\/\/german.news.xerox.com\/de-de\/2016\/07\/04\/nach-der-aufteilung-von-xerox-jeff-jacobson-wird-ceo-der-xerox-corporation\/","title":{"rendered":"Nach der Aufteilung von Xerox: Jeff Jacobson wird CEO der Xerox Corporation"},"content":{"rendered":"<p><span style=\"font-family: 'Arial',sans-serif;font-size: 10pt\"><span style=\"color: #000000\">Wien, 04. Juli 2016 \u2013 Das Board of Directors von Xerox hat Jeff Jacobson zum CEO der neuen Xerox Corporation berufen. Derzeit ist Jacobson President von Xerox Technology und wird diese Position bis zum Abschluss der Unternehmensaufteilung bekleiden.<\/span><\/span><\/p>\n<p><span style=\"font-family: 'Arial',sans-serif;font-size: 10pt\"><span style=\"color: #000000\">\u201eJeff ist eine herausragende F\u00fchrungspers\u00f6nlichkeit mit einer au\u00dferordentlichen Leidenschaft f\u00fcr unser Unternehmen und unsere Angestellten, tiefgehende Kundenbeziehungen und einer klaren strategischen Vision f\u00fcr die Perspektiven und M\u00f6glichkeiten unseres Unternehmens\u201c, sagt Ursula Burns. \u201eW\u00e4hrend seiner vierj\u00e4hrigen T\u00e4tigkeit bei Xerox hat Jeff Produktivit\u00e4t und Kosteneffizienz signifikant vorangetrieben, ohne den Blick f\u00fcr unser Bekenntnis zu Innovation, Qualit\u00e4t und f\u00fchrende Technologie zu verlieren. Mit seinen bisherigen Erfahrungen als CEO eines b\u00f6rsennotierten Unternehmens, seinem erfolgreichen Werdegang bei Xerox, sind der Vorstand und ich absolut davon \u00fcberzeugt, dass er sich am besten daf\u00fcr eignet, Xerox zu leiten.\u201c<\/span><\/span><\/p>\n<p><span style=\"font-family: 'Arial',sans-serif;font-size: 10pt\"><span style=\"color: #000000\">Als erfahrener Branchenkenner kam Jacobson 2012 als President Global Graphic Communications Operations zu Xerox und wurde 2014 zum President von Xerox Technology ernannt, wodurch ihm die Verantwortung f\u00fcr die Bereiche Worldwide Strategie, Sales Channel Operations, Marketing, Technical Services und Customer Support, Produktentwicklung, Produktion sowie f\u00fcr den Vertrieb \u00fcbertragen wurde. Bevor er zu Xerox kam, war Jeff Jacobson President, Chief Executive Officer und Chairman bei Presstek, einem Anbieter digitaler Offsetdruck-L\u00f6sungen, wo er das globale Ausbauprogramm vorantrieb.<br \/>\n<\/span><span style=\"color: #000000\"><br \/>\n\u201eIch f\u00fchle mich durch die Entscheidung des Vorstands, mir die Leitung eines der legend\u00e4rsten Unternehmen der Welt zu \u00fcbertragen, sehr geehrt. Ich bin fest davon \u00fcberzeugt, dass wir auf Basis von nachhaltigem Managements, Betriebseffizienz und Kundenorientierung eine erfolgreiche Zukunft f\u00fcr Xerox aufbauen werden. Als unabh\u00e4ngiges Unternehmen mit dem Vorteil der strategisch konsequent durchgef\u00fchrten Transformation, werden wir die Vielzahl an Business-Chancen f\u00fcr uns nutzen, um so unser Kerngesch\u00e4ft weiter zu st\u00e4rken und Wachstumsm\u00f6glichkeiten konsequent zu verfolgen\u201c, sagte Jacobson.<\/span><\/span><\/p>\n<p><span style=\"font-family: 'Arial',sans-serif;font-size: 10pt\"><span style=\"color: #000000\">\u201eJeff ist definitiv die richtige F\u00fchrungsperson f\u00fcr Xerox Document Technology\u201c, sagt Ann Reese, Lead Independant Director bei Xerox. \u201eDer Vorstand f\u00fchrte eine intensive interne und externe Suche durch, um die passenden Talente zu identifizieren. Jeff hat gezeigt, dass er die richtigen Voraussetzungen f\u00fcr diese Position mitbringt und die Zukunft unseres Unternehmens zum Wohle unserer Aktion\u00e4re, Kunden, Partner und Angestellten bestm\u00f6glich f\u00fchren wird.\u201c<\/span><\/span><\/p>\n<p><span style=\"font-family: 'Arial',sans-serif;font-size: 10pt\"><span style=\"color: #000000\">Am 29. Januar 2016 hatte Xerox verk\u00fcndet, sich k\u00fcnftig in zwei unabh\u00e4ngige, b\u00f6rsennotierte Unternehmen aufzuspalten: Xerox, das als Document Technology-Unternehmen die Bereiche der Dokumenttechnologie und das Dokumentmanagement-Outsourcing vereint, und Conduent Inc., f\u00fcr Business Process Services. Das Unternehmen ist dabei, seine Aufteilungspl\u00e4ne bis Ende 2016 vollst\u00e4ndig realisiert zu haben.<\/span><\/span><\/p>\n<p><span style=\"font-family: 'Arial',sans-serif;font-size: 10pt\"><span style=\"color: #000000\">Xerox wird als weltweit f\u00fchrendes Unternehmen im Document Technology- und Documentmanagement-Outsourcing-Bereich \u00fcberlegene Technologien, L\u00f6sungen und Innovationen voranbringen. Das Unternehmen, das 2015 rund elf Milliarden US-Dollar erwirtschaftete, wird seinen Kunden weiterhin als Partner zur Seite stehen und ihnen dabei helfen, Produktivit\u00e4t, Workflow und Business Performance durch ein tiefgreifendes Verst\u00e4ndnis von der Art und Weise, wie Menschen arbeiten, weiter zu optimieren. <\/span><\/span><\/p>\n<p><span style=\"font-family: 'Arial',sans-serif;font-size: 10pt\"><span style=\"color: #000000\">Conduent Inc. wird als f\u00fchrendes Unternehmen im Bereich Business Process Services Unternehmen und Beh\u00f6rden dabei unterst\u00fctzen, transaktionsintensive Prozesse im gro\u00dfen Ma\u00dfstab zu managen. Mit Ertr\u00e4gen von rund sieben Milliarden US-Dollar im Jahr 2015 \u2013 die meisten davon fu\u00dfen auf regelm\u00e4\u00dfigen Einnahmen \u2013 wird sich das Unternehmen auf attraktive Wachstumsm\u00e4rkte wie Transport- und Gesundheitswesen sowie private und \u00f6ffentliche Dienstleistungen konzentrieren.<\/span><\/span><\/p>\n<p><strong><span style=\"font-family: 'Arial',sans-serif;font-size: 10pt\"><span style=\"color: #000000\">Biographie von Jeff Jacobson<\/span><\/span><\/strong><b><span style=\"font-family: 'Arial',sans-serif;font-size: 10pt\"><br \/>\n<\/span><\/b><span style=\"font-family: 'Arial',sans-serif;font-size: 10pt\"><br \/>\n<span style=\"color: #000000\"> Jeffrey Jacobson ist President des Xerox Technology-Gesch\u00e4ftsbereichs. Er f\u00fchrt diese Position als Executive Vice President seit Juli 2014 aus. Vorher war er bereits seit Februar 2012 Corporate Officer des Unternehmens.<\/span><\/span><\/p>\n<p><span style=\"font-family: 'Arial',sans-serif;font-size: 10pt\"><span style=\"color: #000000\">In seiner derzeitigen Rolle verantwortet Jacobson das Technologiegesch\u00e4ft, das ein breit gef\u00e4chertes Portfolio an Hardware, Software und Services f\u00fcr Kunden \u2013 von kleinen bis hin zu multinationale Unternehmen \u2013 anbietet. Er ist zust\u00e4ndig f\u00fcr die weltweite Strategie, Sales Channel Operations, Marketing, Technical Services und Customer Support, Produktentwicklung, Produktion sowie Vertrieb.<\/span><\/span><\/p>\n<p><span style=\"font-family: 'Arial',sans-serif;font-size: 10pt\"><span style=\"color: #000000\">Jacobson kam 2012 als President Global Graphic Communications Operations zu Xerox und leitete die Bereiche Strategie, Operations und Produktentwicklung im Bereich der Produktsysteme f\u00fcr den weltweiten Graphic Communications-Markt. 2014 wurde sein Verantwortungsbereich als COO des Technologiebereichs bei Xerox erweitert. Dies beinhaltete die St\u00e4rkung des auf das Technologie- und L\u00f6sungsportfolios, das Kostenmanagement, die \u00dcberwachung der Zulieferkette, die Produktion und den gesamten Optimierungsprozess.<\/span><\/span><\/p>\n<p><span style=\"font-family: 'Arial',sans-serif;font-size: 10pt\"><span style=\"color: #000000\">Vor seiner Zeit bei Xerox war Jacobson CEO und President bei Presstek, wo er 2009 auch Chairman wurde. Vorherige Station war unter anderem Kodak. Beim Eastman Kodak-Konzern war Jacobson in der Position des COO der 3,6 Milliarden Dollar-Umsatz Graphic Communications-Gruppe des Unternehmens t\u00e4tig. Zudem war er f\u00fcnf Jahre lang Vorstandvorsitzender bei Kodak Polychrome Graphics, einem 1,7 Milliarden Dollar Joint-Venture von Sun Chemical und Eastman Kodak. <\/span><\/span><\/p>\n<p><span style=\"font-family: 'Arial',sans-serif;font-size: 10pt\"><span style=\"color: #000000\">Jeff Jacobson (56) ist Absolvent der State University of New York Buffalo. Er hat einen Master-Abschluss in Industrial Relations der Cornell School of Industrial Relations. Zudem erwarb er einen Juris Doctor Grad der Pace University of Law und ist als Anwalt in New York und New Jersey zugelassen.<br \/>\n<\/span><span style=\"color: #000000\"><br \/>\nxxx<\/span><\/span><\/p>\n<p><strong><span style=\"font-family: 'Arial',sans-serif;font-size: 7.5pt\"><span style=\"color: #000000\">\u00dcber Xerox<\/span><\/span><\/strong><span style=\"font-family: 'Arial',sans-serif;font-size: 7.5pt\"><br \/>\n<\/span><span style=\"font-family: 'Arial',sans-serif\"><a href=\"http:\/\/www.xerox.com\/index\/deat.html\"><span style=\"color: #0000ff\">Xerox<\/span><\/a><\/span><span style=\"font-family: 'Arial',sans-serif;font-size: 7.5pt\"><span style=\"color: #000000\"> ist ein weltweiter Anbieter von Business Services, Technologien und Dokumenten-Management. Mit Xerox k\u00f6nnen Unternehmen ihre Gesch\u00e4ftsprozesse effizienter gestalten und ihre Informationen besser verwalten. Der Hauptsitz befindet sich in Norwalk, Connecticut, USA. Xerox besch\u00e4ftigt weltweit mehr als 140.000 Mitarbeiter, die Kunden in 180 L\u00e4ndern mit <\/span><\/span><span style=\"font-family: 'Arial',sans-serif\"><a href=\"http:\/\/www.services.xerox.com\/index\/deat.html\"><span style=\"color: #0000ff\">Business Process Services<\/span><\/a><\/span><span style=\"font-family: 'Arial',sans-serif;font-size: 7.5pt\"><span style=\"color: #000000\">, <\/span><\/span><span style=\"font-family: 'Arial',sans-serif\"><a href=\"http:\/\/www.office.xerox.com\/digital-printing-equipment\/deat.html\"><span style=\"color: #0000ff\">Drucktechnologien<\/span><\/a><\/span><span style=\"font-family: 'Arial',sans-serif;font-size: 7.5pt\"><span style=\"color: #000000\"> sowie mit Hard- und Software beim Management ihrer Informationen unterst\u00fctzen \u2013 angefangen beim Umgang mit Daten bis hin zu kompletten Dokumenten.\u00a0<\/span><\/span><\/p>\n<p><span style=\"font-family: 'Arial',sans-serif;font-size: 7.5pt\"><span style=\"color: #000000\">Xerox Austria ist die \u00f6sterreichische Gesch\u00e4ftseinheit von Xerox. Der Unternehmenssitz befindet sich in Wien. Xerox Europe, die europ\u00e4ische Gesch\u00e4ftseinheit von Xerox, hat Fertigungs- und Logistik-Standorte in Irland, England und den Niederlanden. Dar\u00fcber hinaus befindet sich in Grenoble in Frankreich das Xerox Research Centre Europe, die europ\u00e4ische Forschungs- und Entwicklungseinrichtung von Xerox.<\/span><\/span><\/p>\n<p><span style=\"font-family: 'Arial',sans-serif;font-size: 7.5pt\"><span style=\"color: #000000\">Weitere Informationen finden Sie unter <\/span><a href=\"http:\/\/www.xerox.at\/\"><span style=\"color: #0000ff\">www.xerox.at<\/span><\/a><span style=\"color: #000000\">, <\/span><a href=\"http:\/\/www.xerox.com\/news\/deat.html\"><span style=\"color: #0000ff\">http:\/\/www.xerox.com\/news\/deat.html<\/span><\/a><span style=\"color: #000000\">,\u00a0 <\/span><a href=\"http:\/\/www.realbusiness.com\/\"><span style=\"color: #0000ff\">http:\/\/www.realbusiness.com<\/span><\/a><span style=\"color: #000000\">, <\/span><a href=\"http:\/\/www.facebook.com\/XeroxAustria\"><span style=\"color: #0000ff\">www.facebook.com\/XeroxAustria<\/span><\/a><span style=\"color: #000000\"> oder <\/span><a href=\"https:\/\/twitter.com\/xeroxcorp\"><span style=\"color: #0000ff\">https:\/\/twitter.com\/xeroxcorp<\/span><\/a><\/span><\/p>\n<p><strong><span style=\"font-family: 'Arial',sans-serif;font-size: 10pt\"><span style=\"color: #000000\">Pressekontakt Xerox<\/span><\/span><\/strong><span style=\"font-family: 'Arial',sans-serif;font-size: 10pt\"><br \/>\n<span style=\"color: #000000\"> Xerox Austria GmbH<br \/>\nB\u00e4rbl Benesch<br \/>\nCommunications \/ PR<br \/>\nTelefon 01\/240 50-421<br \/>\nFax 01\/240 50-400<br \/>\n<\/span><a href=\"mailto:baerbl.benesch@xerox.com\"><span style=\"color: #0000ff\">baerbl.benesch@xerox.com<\/span><\/a><br \/>\n<a href=\"http:\/\/www.xerox.at\/\"><span style=\"color: #0000ff\">www.xerox.at<\/span><\/a> <\/span><\/p>\n<p><span style=\"font-family: 'Arial',sans-serif;font-size: 10pt\"><span style=\"color: #000000\">Ecker &amp; Partner<br \/>\n<\/span><span style=\"color: #000000\"> Anna Harmer<br \/>\nTelefon 01\/59932-33<br \/>\nFax 01\/59932-30<br \/>\n<\/span><a href=\"mailto:a.harmer@eup.at\"><span style=\"color: #0000ff\">a.harmer@eup.at<\/span><\/a><br \/>\n<a href=\"http:\/\/www.eup.at\/\"><span style=\"color: #0000ff\">www.eup.at<\/span><\/a><\/span><\/p>\n<p>&nbsp;<\/p>\n","protected":false},"excerpt":{"rendered":"<p>Wien, 04. Juli 2016 \u2013 Das Board of Directors von Xerox hat Jeff Jacobson zum CEO der neuen Xerox Corporation berufen. Derzeit ist Jacobson President von Xerox Technology und wird diese Position bis zum Abschluss der Unternehmensaufteilung bekleiden. \u201eJeff ist eine herausragende F\u00fchrungspers\u00f6nlichkeit mit einer au\u00dferordentlichen Leidenschaft f\u00fcr unser Unternehmen und unsere Angestellten, tiefgehende Kundenbeziehungen [&hellip;]<\/p>\n","protected":false},"author":32,"featured_media":0,"comment_status":"closed","ping_status":"closed","sticky":false,"template":"","format":"standard","meta":{"footnotes":""},"categories":[1],"tags":[],"xrx_drupal":[],"class_list":["post-5408","post","type-post","status-publish","format-standard","hentry","category-uncategorized"],"yoast_head":"<!-- This site is optimized with the Yoast SEO plugin v19.1 - https:\/\/yoast.com\/wordpress\/plugins\/seo\/ -->\n<title>Nach der Aufteilung von Xerox: Jeff Jacobson wird CEO der Xerox Corporation - Xerox Nachrichten<\/title>\n<meta name=\"robots\" content=\"index, follow, max-snippet:-1, max-image-preview:large, max-video-preview:-1\" \/>\n<meta property=\"og:locale\" content=\"de_DE\" \/>\n<meta property=\"og:type\" content=\"article\" \/>\n<meta property=\"og:title\" content=\"Nach der Aufteilung von Xerox: Jeff Jacobson wird CEO der Xerox Corporation - Xerox Nachrichten\" \/>\n<meta property=\"og:description\" content=\"Wien, 04. Juli 2016 \u2013 Das Board of Directors von Xerox hat Jeff Jacobson zum CEO der neuen Xerox Corporation berufen. Derzeit ist Jacobson President von Xerox Technology und wird diese Position bis zum Abschluss der Unternehmensaufteilung bekleiden. \u201eJeff ist eine herausragende F\u00fchrungspers\u00f6nlichkeit mit einer au\u00dferordentlichen Leidenschaft f\u00fcr unser Unternehmen und unsere Angestellten, tiefgehende Kundenbeziehungen [&hellip;]\" \/>\n<meta property=\"og:url\" content=\"https:\/\/german.news.xerox.com\/de-de\/2016\/07\/04\/nach-der-aufteilung-von-xerox-jeff-jacobson-wird-ceo-der-xerox-corporation\/\" \/>\n<meta property=\"og:site_name\" content=\"Xerox Nachrichten\" \/>\n<meta property=\"article:published_time\" content=\"2016-07-04T09:25:28+00:00\" \/>\n<meta property=\"article:modified_time\" content=\"2016-07-12T09:26:32+00:00\" \/>\n<meta name=\"twitter:card\" content=\"summary_large_image\" \/>\n<meta name=\"twitter:label1\" content=\"Verfasst von\" \/>\n\t<meta name=\"twitter:data1\" content=\"bbnese\" \/>\n\t<meta name=\"twitter:label2\" content=\"Gesch\u00e4tzte Lesezeit\" \/>\n\t<meta name=\"twitter:data2\" content=\"5 Minuten\" \/>\n<script type=\"application\/ld+json\" class=\"yoast-schema-graph\">{\"@context\":\"https:\/\/schema.org\",\"@graph\":[{\"@type\":\"WebSite\",\"@id\":\"https:\/\/german.news.xerox.com\/de-de\/#website\",\"url\":\"https:\/\/german.news.xerox.com\/de-de\/\",\"name\":\"Xerox Nachrichten\",\"description\":\"\",\"potentialAction\":[{\"@type\":\"SearchAction\",\"target\":{\"@type\":\"EntryPoint\",\"urlTemplate\":\"https:\/\/german.news.xerox.com\/de-de\/?s={search_term_string}\"},\"query-input\":\"required name=search_term_string\"}],\"inLanguage\":\"de-DE\"},{\"@type\":\"WebPage\",\"@id\":\"https:\/\/german.news.xerox.com\/de-de\/2016\/07\/04\/nach-der-aufteilung-von-xerox-jeff-jacobson-wird-ceo-der-xerox-corporation\/#webpage\",\"url\":\"https:\/\/german.news.xerox.com\/de-de\/2016\/07\/04\/nach-der-aufteilung-von-xerox-jeff-jacobson-wird-ceo-der-xerox-corporation\/\",\"name\":\"Nach der Aufteilung von Xerox: Jeff Jacobson wird CEO der Xerox Corporation - Xerox Nachrichten\",\"isPartOf\":{\"@id\":\"https:\/\/german.news.xerox.com\/de-de\/#website\"},\"datePublished\":\"2016-07-04T09:25:28+00:00\",\"dateModified\":\"2016-07-12T09:26:32+00:00\",\"author\":{\"@id\":\"https:\/\/german.news.xerox.com\/de-de\/#\/schema\/person\/7034b781a26b7c9a445af9d6250bf6b7\"},\"breadcrumb\":{\"@id\":\"https:\/\/german.news.xerox.com\/de-de\/2016\/07\/04\/nach-der-aufteilung-von-xerox-jeff-jacobson-wird-ceo-der-xerox-corporation\/#breadcrumb\"},\"inLanguage\":\"de-DE\",\"potentialAction\":[{\"@type\":\"ReadAction\",\"target\":[\"https:\/\/german.news.xerox.com\/de-de\/2016\/07\/04\/nach-der-aufteilung-von-xerox-jeff-jacobson-wird-ceo-der-xerox-corporation\/\"]}]},{\"@type\":\"BreadcrumbList\",\"@id\":\"https:\/\/german.news.xerox.com\/de-de\/2016\/07\/04\/nach-der-aufteilung-von-xerox-jeff-jacobson-wird-ceo-der-xerox-corporation\/#breadcrumb\",\"itemListElement\":[{\"@type\":\"ListItem\",\"position\":1,\"name\":\"Home\",\"item\":\"https:\/\/german.news.xerox.com\/de-de\/\"},{\"@type\":\"ListItem\",\"position\":2,\"name\":\"Nach der Aufteilung von Xerox: Jeff Jacobson wird CEO der Xerox Corporation\"}]},{\"@type\":\"Person\",\"@id\":\"https:\/\/german.news.xerox.com\/de-de\/#\/schema\/person\/7034b781a26b7c9a445af9d6250bf6b7\",\"name\":\"bbnese\",\"image\":{\"@type\":\"ImageObject\",\"inLanguage\":\"de-DE\",\"@id\":\"https:\/\/german.news.xerox.com\/de-de\/#\/schema\/person\/image\/\",\"url\":\"https:\/\/secure.gravatar.com\/avatar\/052f61d6388d52985c88b284c5bf47d175b864b6568f93cd2f99168712b9ee48?s=96&r=g\",\"contentUrl\":\"https:\/\/secure.gravatar.com\/avatar\/052f61d6388d52985c88b284c5bf47d175b864b6568f93cd2f99168712b9ee48?s=96&r=g\",\"caption\":\"bbnese\"},\"url\":\"https:\/\/german.news.xerox.com\/de-de\/author\/bbenesch\/\"}]}<\/script>\n<!-- \/ Yoast SEO plugin. -->","yoast_head_json":{"title":"Nach der Aufteilung von Xerox: Jeff Jacobson wird CEO der Xerox Corporation - Xerox Nachrichten","robots":{"index":"index","follow":"follow","max-snippet":"max-snippet:-1","max-image-preview":"max-image-preview:large","max-video-preview":"max-video-preview:-1"},"og_locale":"de_DE","og_type":"article","og_title":"Nach der Aufteilung von Xerox: Jeff Jacobson wird CEO der Xerox Corporation - Xerox Nachrichten","og_description":"Wien, 04. Juli 2016 \u2013 Das Board of Directors von Xerox hat Jeff Jacobson zum CEO der neuen Xerox Corporation berufen. Derzeit ist Jacobson President von Xerox Technology und wird diese Position bis zum Abschluss der Unternehmensaufteilung bekleiden. \u201eJeff ist eine herausragende F\u00fchrungspers\u00f6nlichkeit mit einer au\u00dferordentlichen Leidenschaft f\u00fcr unser Unternehmen und unsere Angestellten, tiefgehende Kundenbeziehungen [&hellip;]","og_url":"https:\/\/german.news.xerox.com\/de-de\/2016\/07\/04\/nach-der-aufteilung-von-xerox-jeff-jacobson-wird-ceo-der-xerox-corporation\/","og_site_name":"Xerox Nachrichten","article_published_time":"2016-07-04T09:25:28+00:00","article_modified_time":"2016-07-12T09:26:32+00:00","twitter_card":"summary_large_image","twitter_misc":{"Verfasst von":"bbnese","Gesch\u00e4tzte Lesezeit":"5 Minuten"},"schema":{"@context":"https:\/\/schema.org","@graph":[{"@type":"WebSite","@id":"https:\/\/german.news.xerox.com\/de-de\/#website","url":"https:\/\/german.news.xerox.com\/de-de\/","name":"Xerox Nachrichten","description":"","potentialAction":[{"@type":"SearchAction","target":{"@type":"EntryPoint","urlTemplate":"https:\/\/german.news.xerox.com\/de-de\/?s={search_term_string}"},"query-input":"required name=search_term_string"}],"inLanguage":"de-DE"},{"@type":"WebPage","@id":"https:\/\/german.news.xerox.com\/de-de\/2016\/07\/04\/nach-der-aufteilung-von-xerox-jeff-jacobson-wird-ceo-der-xerox-corporation\/#webpage","url":"https:\/\/german.news.xerox.com\/de-de\/2016\/07\/04\/nach-der-aufteilung-von-xerox-jeff-jacobson-wird-ceo-der-xerox-corporation\/","name":"Nach der Aufteilung von Xerox: Jeff Jacobson wird CEO der Xerox Corporation - Xerox Nachrichten","isPartOf":{"@id":"https:\/\/german.news.xerox.com\/de-de\/#website"},"datePublished":"2016-07-04T09:25:28+00:00","dateModified":"2016-07-12T09:26:32+00:00","author":{"@id":"https:\/\/german.news.xerox.com\/de-de\/#\/schema\/person\/7034b781a26b7c9a445af9d6250bf6b7"},"breadcrumb":{"@id":"https:\/\/german.news.xerox.com\/de-de\/2016\/07\/04\/nach-der-aufteilung-von-xerox-jeff-jacobson-wird-ceo-der-xerox-corporation\/#breadcrumb"},"inLanguage":"de-DE","potentialAction":[{"@type":"ReadAction","target":["https:\/\/german.news.xerox.com\/de-de\/2016\/07\/04\/nach-der-aufteilung-von-xerox-jeff-jacobson-wird-ceo-der-xerox-corporation\/"]}]},{"@type":"BreadcrumbList","@id":"https:\/\/german.news.xerox.com\/de-de\/2016\/07\/04\/nach-der-aufteilung-von-xerox-jeff-jacobson-wird-ceo-der-xerox-corporation\/#breadcrumb","itemListElement":[{"@type":"ListItem","position":1,"name":"Home","item":"https:\/\/german.news.xerox.com\/de-de\/"},{"@type":"ListItem","position":2,"name":"Nach der Aufteilung von Xerox: Jeff Jacobson wird CEO der Xerox Corporation"}]},{"@type":"Person","@id":"https:\/\/german.news.xerox.com\/de-de\/#\/schema\/person\/7034b781a26b7c9a445af9d6250bf6b7","name":"bbnese","image":{"@type":"ImageObject","inLanguage":"de-DE","@id":"https:\/\/german.news.xerox.com\/de-de\/#\/schema\/person\/image\/","url":"https:\/\/secure.gravatar.com\/avatar\/052f61d6388d52985c88b284c5bf47d175b864b6568f93cd2f99168712b9ee48?s=96&r=g","contentUrl":"https:\/\/secure.gravatar.com\/avatar\/052f61d6388d52985c88b284c5bf47d175b864b6568f93cd2f99168712b9ee48?s=96&r=g","caption":"bbnese"},"url":"https:\/\/german.news.xerox.com\/de-de\/author\/bbenesch\/"}]}},"comment_count":"0","author_name":" ","featured_image_url":false,"ordered_images":null,"drupal_category":[],"_links":{"self":[{"href":"https:\/\/german.news.xerox.com\/de-dewp-json\/wp\/v2\/posts\/5408","targetHints":{"allow":["GET"]}}],"collection":[{"href":"https:\/\/german.news.xerox.com\/de-dewp-json\/wp\/v2\/posts"}],"about":[{"href":"https:\/\/german.news.xerox.com\/de-dewp-json\/wp\/v2\/types\/post"}],"author":[{"embeddable":true,"href":"https:\/\/german.news.xerox.com\/de-dewp-json\/wp\/v2\/users\/32"}],"replies":[{"embeddable":true,"href":"https:\/\/german.news.xerox.com\/de-dewp-json\/wp\/v2\/comments?post=5408"}],"version-history":[{"count":0,"href":"https:\/\/german.news.xerox.com\/de-dewp-json\/wp\/v2\/posts\/5408\/revisions"}],"wp:attachment":[{"href":"https:\/\/german.news.xerox.com\/de-dewp-json\/wp\/v2\/media?parent=5408"}],"wp:term":[{"taxonomy":"category","embeddable":true,"href":"https:\/\/german.news.xerox.com\/de-dewp-json\/wp\/v2\/categories?post=5408"},{"taxonomy":"post_tag","embeddable":true,"href":"https:\/\/german.news.xerox.com\/de-dewp-json\/wp\/v2\/tags?post=5408"},{"taxonomy":"xrx_drupal","embeddable":true,"href":"https:\/\/german.news.xerox.com\/de-dewp-json\/wp\/v2\/xrx_drupal?post=5408"}],"curies":[{"name":"wp","href":"https:\/\/api.w.org\/{rel}","templated":true}]}}