{"id":5439,"date":"2016-12-12T15:40:52","date_gmt":"2016-12-12T14:40:52","guid":{"rendered":"http:\/\/german.network.news.xerox.com\/?p=5439"},"modified":"2017-01-11T15:43:37","modified_gmt":"2017-01-11T14:43:37","slug":"nach-der-spaltung-von-xerox-herve-tessler-leitet-international-operations","status":"publish","type":"post","link":"https:\/\/german.news.xerox.com\/de-de\/2016\/12\/12\/nach-der-spaltung-von-xerox-herve-tessler-leitet-international-operations\/","title":{"rendered":"Nach der Spaltung von Xerox: Herv\u00e9 Tessler leitet International Operations"},"content":{"rendered":"<p><span style=\"font-family: 'Arial',sans-serif;font-size: 10pt\"><span style=\"color: #000000\">Wien, 12. Dezember 2016 \u2013 Herv\u00e9 Tessler wird President des Gesch\u00e4ftsbereiches International Operations. Seine neue Funktion wird Tessler, zurzeit noch President von Corporate Operations, ab Januar 2017 wahrnehmen.<\/span><\/span><\/p>\n<p><span style=\"font-family: 'Arial',sans-serif;font-size: 10pt\"><span style=\"color: #000000\">In seiner neuen Position wird Tessler die International Operations-Strategie von Xerox ma\u00dfgeblich gestalten und weiterentwickeln. Dar\u00fcber hinaus wird er die Teams des Gesch\u00e4ftsbereiches International Operations in mehr als 150 L\u00e4ndern leiten. Ein Schwerpunkt liegt dabei auf der verst\u00e4rkten Pr\u00e4sentation der innovativen Services und Technologien gegen\u00fcber Bestands- und Neukunden sowie Partnern.<\/span><\/span><\/p>\n<p><span style=\"font-family: 'Arial',sans-serif;font-size: 10pt\"><span style=\"color: #000000\">\u201eWir haben eine ganz bestimmte Vorstellung davon, wie Xerox international wahrgenommen werden sollte. Daf\u00fcr setzen wir auf Innovation, Prozessoptimierung sowie auf lokale Teams, die alle relevanten Bed\u00fcrfnisse von Kunden und Partnern genau kennen und schnell agieren k\u00f6nnen\u201c, erkl\u00e4rt Tessler. <\/span><\/span><\/p>\n<p><span style=\"font-family: 'Arial',sans-serif;font-size: 10pt\"><span style=\"color: #000000\">In seinen insgesamt 29 Berufsjahren bei Xerox war Herv\u00e9 Tessler in den Bereichen Management, Verkauf, Gesch\u00e4ftsentwicklung, Marketing und International Operations t\u00e4tig. Hier hatte er unter anderem neue Betriebsmodelle entwickelt sowie attraktive Umsatzquellen f\u00fcr das Unternehmen erschlossen. Aktuell ist Tessler f\u00fcr Forschung und Entwicklung, Informationsmanagement, Global Accounts, Marketing und Kommunikation sowie f\u00fcr die Themen Umwelt, Gesundheit und Sicherheit zust\u00e4ndig.<\/span><\/span><\/p>\n<p><span style=\"font-family: 'Arial',sans-serif;font-size: 10pt\"><span style=\"color: #000000\">Als President des Gesch\u00e4ftsbereiches Developing Markets Operations (DMO) konzentrierte sich Tessler auf die weltweiten Wachstumsm\u00f6glichkeiten von Xerox in Schwellenl\u00e4ndern. Weitere F\u00fchrungspositionen bei Xerox waren Head of Xerox Operations in Mittel- und Osteuropa sowie Israel und der T\u00fcrkei, Gesch\u00e4ftsf\u00fchrer der brasilianischen Xerox Tochtergesellschaft sowie leitender Gesch\u00e4ftsf\u00fchrer des Bereichs DMO Regions West einschlie\u00dflich Lateinamerika und der Karibik.<\/span><\/span><\/p>\n<p><span style=\"font-family: 'Arial',sans-serif;font-size: 10pt\"><span style=\"color: #000000\">Herv\u00e9 Tessler hat einen Master-Abschluss in Jura von der Universit\u00e4t Panth\u00e9on-Assas in Paris. Er ist Vorstandsmitglied bei der gemeinn\u00fctzigen Organisation \u201eA Better Chance\u201c, die besonders begabten Studenten vielf\u00e4ltige Bildungschancen und Aussichten auf F\u00fchrungspositionen bietet.<\/span><\/span><\/p>\n<p align=\"center\"><span style=\"font-family: 'Arial',sans-serif;font-size: 10pt\"><span style=\"color: #000000\">-XXX-<\/span><\/span><\/p>\n<p><strong><span style=\"font-family: 'Arial',sans-serif;font-size: 7.5pt\"><span style=\"color: #000000\">\u00dcber Xerox<\/span><\/span><\/strong><span style=\"font-family: 'Arial',sans-serif;font-size: 7.5pt\"><br \/>\n<span style=\"color: #000000\"> Xerox ist ein weltweiter Anbieter von Business Services, Technologien und Dokumenten-Management. Mit Xerox k\u00f6nnen Unternehmen ihre Gesch\u00e4ftsprozesse effizienter gestalten und ihre Informationen besser verwalten. Der Hauptsitz befindet sich in Norwalk, Connecticut, USA. Xerox besch\u00e4ftigt weltweit mehr als 140.000 Mitarbeiter, die Kunden in 180 L\u00e4ndern mit Business Process Services, Drucktechnologien sowie mit Hard- und Software beim Management ihrer Informationen unterst\u00fctzen \u2013 angefangen beim Umgang mit Daten bis hin zu kompletten Dokumenten. <\/span><\/span><\/p>\n<p><span style=\"font-family: 'Arial',sans-serif;font-size: 7.5pt\"><span style=\"color: #000000\">Xerox Austria ist die \u00f6sterreichische Gesch\u00e4ftseinheit von Xerox. Der Unternehmenssitz befindet sich in Wien. Xerox Europe, die europ\u00e4ische Gesch\u00e4ftseinheit von Xerox, hat Fertigungs- und Logistik-Standorte in Irland, England und den Niederlanden. Dar\u00fcber hinaus befindet sich in Grenoble in Frankreich das Xerox Research Centre Europe, die europ\u00e4ische Forschungs- und Entwicklungseinrichtung von Xerox.<\/span><\/span><\/p>\n<p><span style=\"font-family: 'Arial',sans-serif;font-size: 7.5pt\"><span style=\"color: #000000\">Weitere Informationen finden Sie unter <\/span><a href=\"http:\/\/www.xerox.at\/\"><span style=\"color: #0000ff\">www.xerox.at<\/span><\/a><span style=\"color: #000000\">, <\/span><a href=\"http:\/\/www.xerox.com\/news\/deat.html\"><span style=\"color: #0000ff\">http:\/\/www.xerox.com\/news\/deat.html<\/span><\/a><span style=\"color: #000000\">,\u00a0 <\/span><a href=\"http:\/\/www.realbusiness.com\/\"><span style=\"color: #0000ff\">http:\/\/www.realbusiness.com<\/span><\/a><span style=\"color: #000000\">, <\/span><a href=\"http:\/\/www.facebook.com\/XeroxAustria\"><span style=\"color: #0000ff\">www.facebook.com\/XeroxAustria<\/span><\/a><span style=\"color: #000000\"> oder <\/span><a href=\"https:\/\/twitter.com\/xeroxcorp\"><span style=\"color: #0000ff\">https:\/\/twitter.com\/xeroxcorp<\/span><\/a><\/span><\/p>\n<p align=\"center\"><span style=\"font-family: 'Arial',sans-serif;font-size: 10pt\"><span style=\"color: #000000\">-XXX-<\/span><\/span><\/p>\n<p align=\"center\"><span style=\"font-family: 'Arial',sans-serif;font-size: 10pt\"><span style=\"color: #000000\">\u00a0<\/span><\/span><\/p>\n<p><strong><span style=\"font-family: 'Arial',sans-serif;font-size: 10pt\"><span style=\"color: #000000\">Pressekontakt Xerox<\/span><\/span><\/strong><span style=\"font-family: 'Arial',sans-serif;font-size: 10pt\"><br \/>\n<span style=\"color: #000000\"> Xerox Austria GmbH<br \/>\nB\u00e4rbl Benesch<br \/>\nCommunications \/ PR<br \/>\nTelefon 01\/240 50-421<br \/>\nFax 01\/240 50-400<br \/>\n<\/span><a href=\"mailto:baerbl.benesch@xerox.com\"><span style=\"color: #0000ff\">baerbl.benesch@xerox.com<\/span><\/a><br \/>\n<a href=\"http:\/\/www.xerox.at\/\"><span style=\"color: #0000ff\">www.xerox.at<\/span><\/a> <\/span><\/p>\n<p><span style=\"font-family: 'Arial',sans-serif;font-size: 10pt\"><span style=\"color: #000000\">Ecker &amp; Partner<br \/>\n<\/span><span style=\"color: #000000\"> Anna Harmer<br \/>\nTelefon 01\/59932-33<br \/>\nFax 01\/59932-30<br \/>\n<\/span><a href=\"mailto:a.harmer@eup.at\"><span style=\"color: #0000ff\">a.harmer@eup.at<\/span><\/a><br \/>\n<a href=\"http:\/\/www.eup.at\/\"><span style=\"color: #0000ff\">www.eup.at<\/span><\/a><\/span><\/p>\n<p><span style=\"font-family: 'Arial',sans-serif;font-size: 10pt\"><span style=\"color: #000000\">\u00a0<\/span><\/span><\/p>\n<p><span style=\"color: #000000;font-family: Times New Roman\">\u00a0<\/span><\/p>\n<p>&nbsp;<\/p>\n","protected":false},"excerpt":{"rendered":"<p>Wien, 12. Dezember 2016 \u2013 Herv\u00e9 Tessler wird President des Gesch\u00e4ftsbereiches International Operations. Seine neue Funktion wird Tessler, zurzeit noch President von Corporate Operations, ab Januar 2017 wahrnehmen. In seiner neuen Position wird Tessler die International Operations-Strategie von Xerox ma\u00dfgeblich gestalten und weiterentwickeln. Dar\u00fcber hinaus wird er die Teams des Gesch\u00e4ftsbereiches International Operations in mehr [&hellip;]<\/p>\n","protected":false},"author":32,"featured_media":0,"comment_status":"closed","ping_status":"closed","sticky":false,"template":"","format":"standard","meta":{"footnotes":""},"categories":[1],"tags":[],"xrx_drupal":[],"class_list":["post-5439","post","type-post","status-publish","format-standard","hentry","category-uncategorized"],"yoast_head":"<!-- This site is optimized with the Yoast SEO plugin v19.1 - https:\/\/yoast.com\/wordpress\/plugins\/seo\/ -->\n<title>Nach der Spaltung von Xerox: Herv\u00e9 Tessler leitet International Operations - Xerox Nachrichten<\/title>\n<meta name=\"robots\" content=\"index, follow, max-snippet:-1, max-image-preview:large, max-video-preview:-1\" \/>\n<meta property=\"og:locale\" content=\"de_DE\" \/>\n<meta property=\"og:type\" content=\"article\" \/>\n<meta property=\"og:title\" content=\"Nach der Spaltung von Xerox: Herv\u00e9 Tessler leitet International Operations - Xerox Nachrichten\" \/>\n<meta property=\"og:description\" content=\"Wien, 12. Dezember 2016 \u2013 Herv\u00e9 Tessler wird President des Gesch\u00e4ftsbereiches International Operations. Seine neue Funktion wird Tessler, zurzeit noch President von Corporate Operations, ab Januar 2017 wahrnehmen. In seiner neuen Position wird Tessler die International Operations-Strategie von Xerox ma\u00dfgeblich gestalten und weiterentwickeln. Dar\u00fcber hinaus wird er die Teams des Gesch\u00e4ftsbereiches International Operations in mehr [&hellip;]\" \/>\n<meta property=\"og:url\" content=\"https:\/\/german.news.xerox.com\/de-de\/2016\/12\/12\/nach-der-spaltung-von-xerox-herve-tessler-leitet-international-operations\/\" \/>\n<meta property=\"og:site_name\" content=\"Xerox Nachrichten\" \/>\n<meta property=\"article:published_time\" content=\"2016-12-12T14:40:52+00:00\" \/>\n<meta property=\"article:modified_time\" content=\"2017-01-11T14:43:37+00:00\" \/>\n<meta name=\"twitter:card\" content=\"summary_large_image\" \/>\n<meta name=\"twitter:label1\" content=\"Verfasst von\" \/>\n\t<meta name=\"twitter:data1\" content=\"bbnese\" \/>\n\t<meta name=\"twitter:label2\" content=\"Gesch\u00e4tzte Lesezeit\" \/>\n\t<meta name=\"twitter:data2\" content=\"2 Minuten\" \/>\n<script type=\"application\/ld+json\" class=\"yoast-schema-graph\">{\"@context\":\"https:\/\/schema.org\",\"@graph\":[{\"@type\":\"WebSite\",\"@id\":\"https:\/\/german.news.xerox.com\/de-de\/#website\",\"url\":\"https:\/\/german.news.xerox.com\/de-de\/\",\"name\":\"Xerox Nachrichten\",\"description\":\"\",\"potentialAction\":[{\"@type\":\"SearchAction\",\"target\":{\"@type\":\"EntryPoint\",\"urlTemplate\":\"https:\/\/german.news.xerox.com\/de-de\/?s={search_term_string}\"},\"query-input\":\"required name=search_term_string\"}],\"inLanguage\":\"de-DE\"},{\"@type\":\"WebPage\",\"@id\":\"https:\/\/german.news.xerox.com\/de-de\/2016\/12\/12\/nach-der-spaltung-von-xerox-herve-tessler-leitet-international-operations\/#webpage\",\"url\":\"https:\/\/german.news.xerox.com\/de-de\/2016\/12\/12\/nach-der-spaltung-von-xerox-herve-tessler-leitet-international-operations\/\",\"name\":\"Nach der Spaltung von Xerox: Herv\u00e9 Tessler leitet International Operations - Xerox Nachrichten\",\"isPartOf\":{\"@id\":\"https:\/\/german.news.xerox.com\/de-de\/#website\"},\"datePublished\":\"2016-12-12T14:40:52+00:00\",\"dateModified\":\"2017-01-11T14:43:37+00:00\",\"author\":{\"@id\":\"https:\/\/german.news.xerox.com\/de-de\/#\/schema\/person\/7034b781a26b7c9a445af9d6250bf6b7\"},\"breadcrumb\":{\"@id\":\"https:\/\/german.news.xerox.com\/de-de\/2016\/12\/12\/nach-der-spaltung-von-xerox-herve-tessler-leitet-international-operations\/#breadcrumb\"},\"inLanguage\":\"de-DE\",\"potentialAction\":[{\"@type\":\"ReadAction\",\"target\":[\"https:\/\/german.news.xerox.com\/de-de\/2016\/12\/12\/nach-der-spaltung-von-xerox-herve-tessler-leitet-international-operations\/\"]}]},{\"@type\":\"BreadcrumbList\",\"@id\":\"https:\/\/german.news.xerox.com\/de-de\/2016\/12\/12\/nach-der-spaltung-von-xerox-herve-tessler-leitet-international-operations\/#breadcrumb\",\"itemListElement\":[{\"@type\":\"ListItem\",\"position\":1,\"name\":\"Home\",\"item\":\"https:\/\/german.news.xerox.com\/de-de\/\"},{\"@type\":\"ListItem\",\"position\":2,\"name\":\"Nach der Spaltung von Xerox: Herv\u00e9 Tessler leitet International Operations\"}]},{\"@type\":\"Person\",\"@id\":\"https:\/\/german.news.xerox.com\/de-de\/#\/schema\/person\/7034b781a26b7c9a445af9d6250bf6b7\",\"name\":\"bbnese\",\"image\":{\"@type\":\"ImageObject\",\"inLanguage\":\"de-DE\",\"@id\":\"https:\/\/german.news.xerox.com\/de-de\/#\/schema\/person\/image\/\",\"url\":\"https:\/\/secure.gravatar.com\/avatar\/052f61d6388d52985c88b284c5bf47d175b864b6568f93cd2f99168712b9ee48?s=96&r=g\",\"contentUrl\":\"https:\/\/secure.gravatar.com\/avatar\/052f61d6388d52985c88b284c5bf47d175b864b6568f93cd2f99168712b9ee48?s=96&r=g\",\"caption\":\"bbnese\"},\"url\":\"https:\/\/german.news.xerox.com\/de-de\/author\/bbenesch\/\"}]}<\/script>\n<!-- \/ Yoast SEO plugin. -->","yoast_head_json":{"title":"Nach der Spaltung von Xerox: Herv\u00e9 Tessler leitet International Operations - Xerox Nachrichten","robots":{"index":"index","follow":"follow","max-snippet":"max-snippet:-1","max-image-preview":"max-image-preview:large","max-video-preview":"max-video-preview:-1"},"og_locale":"de_DE","og_type":"article","og_title":"Nach der Spaltung von Xerox: Herv\u00e9 Tessler leitet International Operations - Xerox Nachrichten","og_description":"Wien, 12. Dezember 2016 \u2013 Herv\u00e9 Tessler wird President des Gesch\u00e4ftsbereiches International Operations. Seine neue Funktion wird Tessler, zurzeit noch President von Corporate Operations, ab Januar 2017 wahrnehmen. In seiner neuen Position wird Tessler die International Operations-Strategie von Xerox ma\u00dfgeblich gestalten und weiterentwickeln. Dar\u00fcber hinaus wird er die Teams des Gesch\u00e4ftsbereiches International Operations in mehr [&hellip;]","og_url":"https:\/\/german.news.xerox.com\/de-de\/2016\/12\/12\/nach-der-spaltung-von-xerox-herve-tessler-leitet-international-operations\/","og_site_name":"Xerox Nachrichten","article_published_time":"2016-12-12T14:40:52+00:00","article_modified_time":"2017-01-11T14:43:37+00:00","twitter_card":"summary_large_image","twitter_misc":{"Verfasst von":"bbnese","Gesch\u00e4tzte Lesezeit":"2 Minuten"},"schema":{"@context":"https:\/\/schema.org","@graph":[{"@type":"WebSite","@id":"https:\/\/german.news.xerox.com\/de-de\/#website","url":"https:\/\/german.news.xerox.com\/de-de\/","name":"Xerox Nachrichten","description":"","potentialAction":[{"@type":"SearchAction","target":{"@type":"EntryPoint","urlTemplate":"https:\/\/german.news.xerox.com\/de-de\/?s={search_term_string}"},"query-input":"required name=search_term_string"}],"inLanguage":"de-DE"},{"@type":"WebPage","@id":"https:\/\/german.news.xerox.com\/de-de\/2016\/12\/12\/nach-der-spaltung-von-xerox-herve-tessler-leitet-international-operations\/#webpage","url":"https:\/\/german.news.xerox.com\/de-de\/2016\/12\/12\/nach-der-spaltung-von-xerox-herve-tessler-leitet-international-operations\/","name":"Nach der Spaltung von Xerox: Herv\u00e9 Tessler leitet International Operations - Xerox Nachrichten","isPartOf":{"@id":"https:\/\/german.news.xerox.com\/de-de\/#website"},"datePublished":"2016-12-12T14:40:52+00:00","dateModified":"2017-01-11T14:43:37+00:00","author":{"@id":"https:\/\/german.news.xerox.com\/de-de\/#\/schema\/person\/7034b781a26b7c9a445af9d6250bf6b7"},"breadcrumb":{"@id":"https:\/\/german.news.xerox.com\/de-de\/2016\/12\/12\/nach-der-spaltung-von-xerox-herve-tessler-leitet-international-operations\/#breadcrumb"},"inLanguage":"de-DE","potentialAction":[{"@type":"ReadAction","target":["https:\/\/german.news.xerox.com\/de-de\/2016\/12\/12\/nach-der-spaltung-von-xerox-herve-tessler-leitet-international-operations\/"]}]},{"@type":"BreadcrumbList","@id":"https:\/\/german.news.xerox.com\/de-de\/2016\/12\/12\/nach-der-spaltung-von-xerox-herve-tessler-leitet-international-operations\/#breadcrumb","itemListElement":[{"@type":"ListItem","position":1,"name":"Home","item":"https:\/\/german.news.xerox.com\/de-de\/"},{"@type":"ListItem","position":2,"name":"Nach der Spaltung von Xerox: Herv\u00e9 Tessler leitet International Operations"}]},{"@type":"Person","@id":"https:\/\/german.news.xerox.com\/de-de\/#\/schema\/person\/7034b781a26b7c9a445af9d6250bf6b7","name":"bbnese","image":{"@type":"ImageObject","inLanguage":"de-DE","@id":"https:\/\/german.news.xerox.com\/de-de\/#\/schema\/person\/image\/","url":"https:\/\/secure.gravatar.com\/avatar\/052f61d6388d52985c88b284c5bf47d175b864b6568f93cd2f99168712b9ee48?s=96&r=g","contentUrl":"https:\/\/secure.gravatar.com\/avatar\/052f61d6388d52985c88b284c5bf47d175b864b6568f93cd2f99168712b9ee48?s=96&r=g","caption":"bbnese"},"url":"https:\/\/german.news.xerox.com\/de-de\/author\/bbenesch\/"}]}},"comment_count":"0","author_name":" ","featured_image_url":false,"ordered_images":null,"drupal_category":[],"_links":{"self":[{"href":"https:\/\/german.news.xerox.com\/de-dewp-json\/wp\/v2\/posts\/5439","targetHints":{"allow":["GET"]}}],"collection":[{"href":"https:\/\/german.news.xerox.com\/de-dewp-json\/wp\/v2\/posts"}],"about":[{"href":"https:\/\/german.news.xerox.com\/de-dewp-json\/wp\/v2\/types\/post"}],"author":[{"embeddable":true,"href":"https:\/\/german.news.xerox.com\/de-dewp-json\/wp\/v2\/users\/32"}],"replies":[{"embeddable":true,"href":"https:\/\/german.news.xerox.com\/de-dewp-json\/wp\/v2\/comments?post=5439"}],"version-history":[{"count":0,"href":"https:\/\/german.news.xerox.com\/de-dewp-json\/wp\/v2\/posts\/5439\/revisions"}],"wp:attachment":[{"href":"https:\/\/german.news.xerox.com\/de-dewp-json\/wp\/v2\/media?parent=5439"}],"wp:term":[{"taxonomy":"category","embeddable":true,"href":"https:\/\/german.news.xerox.com\/de-dewp-json\/wp\/v2\/categories?post=5439"},{"taxonomy":"post_tag","embeddable":true,"href":"https:\/\/german.news.xerox.com\/de-dewp-json\/wp\/v2\/tags?post=5439"},{"taxonomy":"xrx_drupal","embeddable":true,"href":"https:\/\/german.news.xerox.com\/de-dewp-json\/wp\/v2\/xrx_drupal?post=5439"}],"curies":[{"name":"wp","href":"https:\/\/api.w.org\/{rel}","templated":true}]}}