{"id":5565,"date":"2015-07-14T10:10:11","date_gmt":"2015-07-14T08:10:11","guid":{"rendered":"https:\/\/german.news.xerox.com\/de-at\/?p=5565"},"modified":"2017-11-28T10:10:44","modified_gmt":"2017-11-28T09:10:44","slug":"kooperation-zwischen-xerox-und-also-mps-projektbusiness-im-fokus","status":"publish","type":"post","link":"https:\/\/german.news.xerox.com\/de-de\/2015\/07\/14\/kooperation-zwischen-xerox-und-also-mps-projektbusiness-im-fokus\/","title":{"rendered":"Kooperation zwischen Xerox und ALSO MPS: Projektbusiness im Fokus"},"content":{"rendered":"<p>14 Juli 2015 \u2014 Produktionsdruck <\/p>\n<p>Neuss \u2014<br \/>\nXerox und ALSO MPS, auf Druck- und MPS-L\u00f6sungen spezialisierte Tochter des B2B-Marktplatzbetreibers ALSO Deutschland, geben ihre Kooperation bekannt \u2013 profitieren sollen vor allem IT-Systemh\u00e4user. Fokus dieser Kooperation ist der weitere Ausbau des Projektgesch\u00e4ftes und der F\u00fchrungsrolle von Xerox im Bereich MPS.<\/p>\n<p>Produkte und Services rund um das Thema MPS k\u00f6nnen jetzt aus einer Hand bezogen werden. Besonders f\u00fcr mittelst\u00e4ndische Unternehmen bedeutet diese M\u00f6glichkeit sowohl Zeit- als auch Kostenersparnis.<\/p>\n<p>Heiner van den Berg, Sales Director Channels bei Xerox, freut sich auf die Zusammenarbeit: \u201eDie Kooperation von ALSO MPS und Xerox bietet Fachh\u00e4ndlern, die ihre Kunden mit einem echten Mehrwert \u00fcberzeugen wollen, attraktive M\u00f6glichkeiten. Die breite Produktpalette von Xerox, die unter anderem A3 und A4 MFPs mit der einzigartigen ConnectKey-Plattform und die dazugeh\u00f6rigen L\u00f6sungen wie zum Beispiel f\u00fcr Mobile Print beinhaltet, wird optimal durch die Services von ALSO MPS erg\u00e4nzt.\u201c<\/p>\n<p>Mit der Zusammenarbeit k\u00f6nnen Xerox und ALSO MPS ihre Zielgruppen erweitern: In den Fokus r\u00fccken dabei insbesondere kleine bis mittelgro\u00dfe IT-Systemh\u00e4user, die den Kunden ganzheitliche L\u00f6sungen anbieten m\u00f6chten. K\u00fcnftig k\u00f6nnen s\u00e4mtliche Dienstleistungen rund um MPS, wie zum Beispiel die automatisierte Nachbestellung von Verbrauchsmaterialien, f\u00fcr die Drucker-Infrastruktur in die L\u00f6sungsangebote integriert werden. So kann der Partner auf einen vollumfassenden Support in den unterschiedlichsten Projektsituationen bauen.<\/p>\n<p>F\u00fcr Ivonne Schlottmann, Head of ALSO MPS, liegen die Vorteile f\u00fcr den Kunden klar auf der Hand: \u201eF\u00fcr IKT-Reseller gibt es nun keinen Grund mehr, das Drucker- und Kopierergesch\u00e4ft anderen zu \u00fcberlassen. Wir kombinieren unsere MPS-Dienstleistungen mit der Xerox-Produktpalette und bieten jedem Kunden modular die Leistung, die er nicht selbst erbringen kann und m\u00f6chte. Angefangen bei reiner Supplies-Automatisierung \u00fcber Vertr\u00e4ge f\u00fcr Einzelmaschinen bis hin zu umfassenden L\u00f6sungsprojekten. Mit ALSO MPS kann jeder Kunde sofort und ohne Vorwissen in das MPS-Gesch\u00e4ft einsteigen und sich seine Kunden damit dauerhaft sichern.\u201c<\/p>\n","protected":false},"excerpt":{"rendered":"<p>14 Juli 2015 \u2014 Produktionsdruck Neuss \u2014 Xerox und ALSO MPS, auf Druck- und MPS-L\u00f6sungen spezialisierte Tochter des B2B-Marktplatzbetreibers ALSO Deutschland, geben ihre Kooperation bekannt \u2013 profitieren sollen vor allem IT-Systemh\u00e4user. Fokus dieser Kooperation ist der weitere Ausbau des Projektgesch\u00e4ftes und der F\u00fchrungsrolle von Xerox im Bereich MPS. Produkte und Services rund um das Thema [&hellip;]<\/p>\n","protected":false},"author":32,"featured_media":0,"comment_status":"closed","ping_status":"closed","sticky":false,"template":"","format":"standard","meta":{"footnotes":""},"categories":[1],"tags":[],"xrx_drupal":[],"class_list":["post-5565","post","type-post","status-publish","format-standard","hentry","category-uncategorized"],"yoast_head":"<!-- This site is optimized with the Yoast SEO plugin v19.1 - https:\/\/yoast.com\/wordpress\/plugins\/seo\/ -->\n<title>Kooperation zwischen Xerox und ALSO MPS: Projektbusiness im Fokus - Xerox Nachrichten<\/title>\n<meta name=\"robots\" content=\"index, follow, max-snippet:-1, max-image-preview:large, max-video-preview:-1\" \/>\n<meta property=\"og:locale\" content=\"de_DE\" \/>\n<meta property=\"og:type\" content=\"article\" \/>\n<meta property=\"og:title\" content=\"Kooperation zwischen Xerox und ALSO MPS: Projektbusiness im Fokus - Xerox Nachrichten\" \/>\n<meta property=\"og:description\" content=\"14 Juli 2015 \u2014 Produktionsdruck Neuss \u2014 Xerox und ALSO MPS, auf Druck- und MPS-L\u00f6sungen spezialisierte Tochter des B2B-Marktplatzbetreibers ALSO Deutschland, geben ihre Kooperation bekannt \u2013 profitieren sollen vor allem IT-Systemh\u00e4user. Fokus dieser Kooperation ist der weitere Ausbau des Projektgesch\u00e4ftes und der F\u00fchrungsrolle von Xerox im Bereich MPS. Produkte und Services rund um das Thema [&hellip;]\" \/>\n<meta property=\"og:url\" content=\"https:\/\/german.news.xerox.com\/de-de\/2015\/07\/14\/kooperation-zwischen-xerox-und-also-mps-projektbusiness-im-fokus\/\" \/>\n<meta property=\"og:site_name\" content=\"Xerox Nachrichten\" \/>\n<meta property=\"article:published_time\" content=\"2015-07-14T08:10:11+00:00\" \/>\n<meta property=\"article:modified_time\" content=\"2017-11-28T09:10:44+00:00\" \/>\n<meta name=\"twitter:card\" content=\"summary_large_image\" \/>\n<meta name=\"twitter:label1\" content=\"Verfasst von\" \/>\n\t<meta name=\"twitter:data1\" content=\"bbnese\" \/>\n\t<meta name=\"twitter:label2\" content=\"Gesch\u00e4tzte Lesezeit\" \/>\n\t<meta name=\"twitter:data2\" content=\"2 Minuten\" \/>\n<script type=\"application\/ld+json\" class=\"yoast-schema-graph\">{\"@context\":\"https:\/\/schema.org\",\"@graph\":[{\"@type\":\"WebSite\",\"@id\":\"https:\/\/german.news.xerox.com\/de-de\/#website\",\"url\":\"https:\/\/german.news.xerox.com\/de-de\/\",\"name\":\"Xerox Nachrichten\",\"description\":\"\",\"potentialAction\":[{\"@type\":\"SearchAction\",\"target\":{\"@type\":\"EntryPoint\",\"urlTemplate\":\"https:\/\/german.news.xerox.com\/de-de\/?s={search_term_string}\"},\"query-input\":\"required name=search_term_string\"}],\"inLanguage\":\"de-DE\"},{\"@type\":\"WebPage\",\"@id\":\"https:\/\/german.news.xerox.com\/de-de\/2015\/07\/14\/kooperation-zwischen-xerox-und-also-mps-projektbusiness-im-fokus\/#webpage\",\"url\":\"https:\/\/german.news.xerox.com\/de-de\/2015\/07\/14\/kooperation-zwischen-xerox-und-also-mps-projektbusiness-im-fokus\/\",\"name\":\"Kooperation zwischen Xerox und ALSO MPS: Projektbusiness im Fokus - Xerox Nachrichten\",\"isPartOf\":{\"@id\":\"https:\/\/german.news.xerox.com\/de-de\/#website\"},\"datePublished\":\"2015-07-14T08:10:11+00:00\",\"dateModified\":\"2017-11-28T09:10:44+00:00\",\"author\":{\"@id\":\"https:\/\/german.news.xerox.com\/de-de\/#\/schema\/person\/7034b781a26b7c9a445af9d6250bf6b7\"},\"breadcrumb\":{\"@id\":\"https:\/\/german.news.xerox.com\/de-de\/2015\/07\/14\/kooperation-zwischen-xerox-und-also-mps-projektbusiness-im-fokus\/#breadcrumb\"},\"inLanguage\":\"de-DE\",\"potentialAction\":[{\"@type\":\"ReadAction\",\"target\":[\"https:\/\/german.news.xerox.com\/de-de\/2015\/07\/14\/kooperation-zwischen-xerox-und-also-mps-projektbusiness-im-fokus\/\"]}]},{\"@type\":\"BreadcrumbList\",\"@id\":\"https:\/\/german.news.xerox.com\/de-de\/2015\/07\/14\/kooperation-zwischen-xerox-und-also-mps-projektbusiness-im-fokus\/#breadcrumb\",\"itemListElement\":[{\"@type\":\"ListItem\",\"position\":1,\"name\":\"Home\",\"item\":\"https:\/\/german.news.xerox.com\/de-de\/\"},{\"@type\":\"ListItem\",\"position\":2,\"name\":\"Kooperation zwischen Xerox und ALSO MPS: Projektbusiness im Fokus\"}]},{\"@type\":\"Person\",\"@id\":\"https:\/\/german.news.xerox.com\/de-de\/#\/schema\/person\/7034b781a26b7c9a445af9d6250bf6b7\",\"name\":\"bbnese\",\"image\":{\"@type\":\"ImageObject\",\"inLanguage\":\"de-DE\",\"@id\":\"https:\/\/german.news.xerox.com\/de-de\/#\/schema\/person\/image\/\",\"url\":\"https:\/\/secure.gravatar.com\/avatar\/052f61d6388d52985c88b284c5bf47d175b864b6568f93cd2f99168712b9ee48?s=96&r=g\",\"contentUrl\":\"https:\/\/secure.gravatar.com\/avatar\/052f61d6388d52985c88b284c5bf47d175b864b6568f93cd2f99168712b9ee48?s=96&r=g\",\"caption\":\"bbnese\"},\"url\":\"https:\/\/german.news.xerox.com\/de-de\/author\/bbenesch\/\"}]}<\/script>\n<!-- \/ Yoast SEO plugin. -->","yoast_head_json":{"title":"Kooperation zwischen Xerox und ALSO MPS: Projektbusiness im Fokus - Xerox Nachrichten","robots":{"index":"index","follow":"follow","max-snippet":"max-snippet:-1","max-image-preview":"max-image-preview:large","max-video-preview":"max-video-preview:-1"},"og_locale":"de_DE","og_type":"article","og_title":"Kooperation zwischen Xerox und ALSO MPS: Projektbusiness im Fokus - Xerox Nachrichten","og_description":"14 Juli 2015 \u2014 Produktionsdruck Neuss \u2014 Xerox und ALSO MPS, auf Druck- und MPS-L\u00f6sungen spezialisierte Tochter des B2B-Marktplatzbetreibers ALSO Deutschland, geben ihre Kooperation bekannt \u2013 profitieren sollen vor allem IT-Systemh\u00e4user. Fokus dieser Kooperation ist der weitere Ausbau des Projektgesch\u00e4ftes und der F\u00fchrungsrolle von Xerox im Bereich MPS. Produkte und Services rund um das Thema [&hellip;]","og_url":"https:\/\/german.news.xerox.com\/de-de\/2015\/07\/14\/kooperation-zwischen-xerox-und-also-mps-projektbusiness-im-fokus\/","og_site_name":"Xerox Nachrichten","article_published_time":"2015-07-14T08:10:11+00:00","article_modified_time":"2017-11-28T09:10:44+00:00","twitter_card":"summary_large_image","twitter_misc":{"Verfasst von":"bbnese","Gesch\u00e4tzte Lesezeit":"2 Minuten"},"schema":{"@context":"https:\/\/schema.org","@graph":[{"@type":"WebSite","@id":"https:\/\/german.news.xerox.com\/de-de\/#website","url":"https:\/\/german.news.xerox.com\/de-de\/","name":"Xerox Nachrichten","description":"","potentialAction":[{"@type":"SearchAction","target":{"@type":"EntryPoint","urlTemplate":"https:\/\/german.news.xerox.com\/de-de\/?s={search_term_string}"},"query-input":"required name=search_term_string"}],"inLanguage":"de-DE"},{"@type":"WebPage","@id":"https:\/\/german.news.xerox.com\/de-de\/2015\/07\/14\/kooperation-zwischen-xerox-und-also-mps-projektbusiness-im-fokus\/#webpage","url":"https:\/\/german.news.xerox.com\/de-de\/2015\/07\/14\/kooperation-zwischen-xerox-und-also-mps-projektbusiness-im-fokus\/","name":"Kooperation zwischen Xerox und ALSO MPS: Projektbusiness im Fokus - Xerox Nachrichten","isPartOf":{"@id":"https:\/\/german.news.xerox.com\/de-de\/#website"},"datePublished":"2015-07-14T08:10:11+00:00","dateModified":"2017-11-28T09:10:44+00:00","author":{"@id":"https:\/\/german.news.xerox.com\/de-de\/#\/schema\/person\/7034b781a26b7c9a445af9d6250bf6b7"},"breadcrumb":{"@id":"https:\/\/german.news.xerox.com\/de-de\/2015\/07\/14\/kooperation-zwischen-xerox-und-also-mps-projektbusiness-im-fokus\/#breadcrumb"},"inLanguage":"de-DE","potentialAction":[{"@type":"ReadAction","target":["https:\/\/german.news.xerox.com\/de-de\/2015\/07\/14\/kooperation-zwischen-xerox-und-also-mps-projektbusiness-im-fokus\/"]}]},{"@type":"BreadcrumbList","@id":"https:\/\/german.news.xerox.com\/de-de\/2015\/07\/14\/kooperation-zwischen-xerox-und-also-mps-projektbusiness-im-fokus\/#breadcrumb","itemListElement":[{"@type":"ListItem","position":1,"name":"Home","item":"https:\/\/german.news.xerox.com\/de-de\/"},{"@type":"ListItem","position":2,"name":"Kooperation zwischen Xerox und ALSO MPS: Projektbusiness im Fokus"}]},{"@type":"Person","@id":"https:\/\/german.news.xerox.com\/de-de\/#\/schema\/person\/7034b781a26b7c9a445af9d6250bf6b7","name":"bbnese","image":{"@type":"ImageObject","inLanguage":"de-DE","@id":"https:\/\/german.news.xerox.com\/de-de\/#\/schema\/person\/image\/","url":"https:\/\/secure.gravatar.com\/avatar\/052f61d6388d52985c88b284c5bf47d175b864b6568f93cd2f99168712b9ee48?s=96&r=g","contentUrl":"https:\/\/secure.gravatar.com\/avatar\/052f61d6388d52985c88b284c5bf47d175b864b6568f93cd2f99168712b9ee48?s=96&r=g","caption":"bbnese"},"url":"https:\/\/german.news.xerox.com\/de-de\/author\/bbenesch\/"}]}},"comment_count":"0","author_name":" ","featured_image_url":false,"ordered_images":null,"drupal_category":[],"_links":{"self":[{"href":"https:\/\/german.news.xerox.com\/de-dewp-json\/wp\/v2\/posts\/5565","targetHints":{"allow":["GET"]}}],"collection":[{"href":"https:\/\/german.news.xerox.com\/de-dewp-json\/wp\/v2\/posts"}],"about":[{"href":"https:\/\/german.news.xerox.com\/de-dewp-json\/wp\/v2\/types\/post"}],"author":[{"embeddable":true,"href":"https:\/\/german.news.xerox.com\/de-dewp-json\/wp\/v2\/users\/32"}],"replies":[{"embeddable":true,"href":"https:\/\/german.news.xerox.com\/de-dewp-json\/wp\/v2\/comments?post=5565"}],"version-history":[{"count":0,"href":"https:\/\/german.news.xerox.com\/de-dewp-json\/wp\/v2\/posts\/5565\/revisions"}],"wp:attachment":[{"href":"https:\/\/german.news.xerox.com\/de-dewp-json\/wp\/v2\/media?parent=5565"}],"wp:term":[{"taxonomy":"category","embeddable":true,"href":"https:\/\/german.news.xerox.com\/de-dewp-json\/wp\/v2\/categories?post=5565"},{"taxonomy":"post_tag","embeddable":true,"href":"https:\/\/german.news.xerox.com\/de-dewp-json\/wp\/v2\/tags?post=5565"},{"taxonomy":"xrx_drupal","embeddable":true,"href":"https:\/\/german.news.xerox.com\/de-dewp-json\/wp\/v2\/xrx_drupal?post=5565"}],"curies":[{"name":"wp","href":"https:\/\/api.w.org\/{rel}","templated":true}]}}