{"id":5581,"date":"2012-09-07T13:17:10","date_gmt":"2012-09-07T11:17:10","guid":{"rendered":"https:\/\/german.news.xerox.com\/de-at\/?p=5581"},"modified":"2017-11-28T13:17:41","modified_gmt":"2017-11-28T12:17:41","slug":"renate-becker-nauen-leitet-die-integrated-marketing-organisation-von-xerox-in-deutschland","status":"publish","type":"post","link":"https:\/\/german.news.xerox.com\/de-de\/2012\/09\/07\/renate-becker-nauen-leitet-die-integrated-marketing-organisation-von-xerox-in-deutschland\/","title":{"rendered":"Renate Becker-Nauen leitet die Integrated Marketing Organisation von Xerox in Deutschland"},"content":{"rendered":"<p>07 Sep. 2012 \u2014 Corporate, Produktionsdruck <\/p>\n<p>Neuss \u2013 Renate Becker-Nauen ist die neue Leiterin der Integrated Marketing Organisation (IMO) der Xerox GmbH. Sie \u00fcbernimmt damit die Aufgaben von Albert Brenner, der in den Vertrieb gewechselt hat und nun als General Manager Sales das deutsche High End Production-Gesch\u00e4ft f\u00fcr Xerox verantwortet.<\/p>\n<p>Renate Becker-Nauen: \u201eDie Xerox GmbH hat im letzten Jahr das bisher direkt betriebene Production-Gesch\u00e4ft an zertifizierte Xerox Partner \u00fcberantwortet. Mein Ziel neben dem weiteren Vorantreiben des direkten Service-Gesch\u00e4fts wird daher sein, das deutsche Marketing noch st\u00e4rker an den Bed\u00fcrfnissen des indirekten Kanals auszurichten und unsere Partner bestm\u00f6glich mit gezielten Marketing-Aktionen sowohl im Office- und Production-Gesch\u00e4ft als auch im Service-Gesch\u00e4ft zu unterst\u00fctzen.\u201c<\/p>\n<p>Die Diplom-Kauffrau ist seit 1991 in unterschiedlichen Vertriebs- und Marketing-Positionen bei Xerox Europe und bei der Xerox GmbH besch\u00e4ftigt. Zuletzt verantwortete sie das gesamte Produktmanagement in Deutschland.<\/p>\n","protected":false},"excerpt":{"rendered":"<p>07 Sep. 2012 \u2014 Corporate, Produktionsdruck Neuss \u2013 Renate Becker-Nauen ist die neue Leiterin der Integrated Marketing Organisation (IMO) der Xerox GmbH. Sie \u00fcbernimmt damit die Aufgaben von Albert Brenner, der in den Vertrieb gewechselt hat und nun als General Manager Sales das deutsche High End Production-Gesch\u00e4ft f\u00fcr Xerox verantwortet. Renate Becker-Nauen: \u201eDie Xerox GmbH [&hellip;]<\/p>\n","protected":false},"author":32,"featured_media":0,"comment_status":"closed","ping_status":"closed","sticky":false,"template":"","format":"standard","meta":{"footnotes":""},"categories":[1],"tags":[],"xrx_drupal":[],"class_list":["post-5581","post","type-post","status-publish","format-standard","hentry","category-uncategorized"],"yoast_head":"<!-- This site is optimized with the Yoast SEO plugin v19.1 - https:\/\/yoast.com\/wordpress\/plugins\/seo\/ -->\n<title>Renate Becker-Nauen leitet die Integrated Marketing Organisation von Xerox in Deutschland - Xerox Nachrichten<\/title>\n<meta name=\"robots\" content=\"index, follow, max-snippet:-1, max-image-preview:large, max-video-preview:-1\" \/>\n<meta property=\"og:locale\" content=\"de_DE\" \/>\n<meta property=\"og:type\" content=\"article\" \/>\n<meta property=\"og:title\" content=\"Renate Becker-Nauen leitet die Integrated Marketing Organisation von Xerox in Deutschland - Xerox Nachrichten\" \/>\n<meta property=\"og:description\" content=\"07 Sep. 2012 \u2014 Corporate, Produktionsdruck Neuss \u2013 Renate Becker-Nauen ist die neue Leiterin der Integrated Marketing Organisation (IMO) der Xerox GmbH. Sie \u00fcbernimmt damit die Aufgaben von Albert Brenner, der in den Vertrieb gewechselt hat und nun als General Manager Sales das deutsche High End Production-Gesch\u00e4ft f\u00fcr Xerox verantwortet. Renate Becker-Nauen: \u201eDie Xerox GmbH [&hellip;]\" \/>\n<meta property=\"og:url\" content=\"https:\/\/german.news.xerox.com\/de-de\/2012\/09\/07\/renate-becker-nauen-leitet-die-integrated-marketing-organisation-von-xerox-in-deutschland\/\" \/>\n<meta property=\"og:site_name\" content=\"Xerox Nachrichten\" \/>\n<meta property=\"article:published_time\" content=\"2012-09-07T11:17:10+00:00\" \/>\n<meta property=\"article:modified_time\" content=\"2017-11-28T12:17:41+00:00\" \/>\n<meta name=\"twitter:card\" content=\"summary_large_image\" \/>\n<meta name=\"twitter:label1\" content=\"Verfasst von\" \/>\n\t<meta name=\"twitter:data1\" content=\"bbnese\" \/>\n\t<meta name=\"twitter:label2\" content=\"Gesch\u00e4tzte Lesezeit\" \/>\n\t<meta name=\"twitter:data2\" content=\"1 Minute\" \/>\n<script type=\"application\/ld+json\" class=\"yoast-schema-graph\">{\"@context\":\"https:\/\/schema.org\",\"@graph\":[{\"@type\":\"WebSite\",\"@id\":\"https:\/\/german.news.xerox.com\/de-de\/#website\",\"url\":\"https:\/\/german.news.xerox.com\/de-de\/\",\"name\":\"Xerox Nachrichten\",\"description\":\"\",\"potentialAction\":[{\"@type\":\"SearchAction\",\"target\":{\"@type\":\"EntryPoint\",\"urlTemplate\":\"https:\/\/german.news.xerox.com\/de-de\/?s={search_term_string}\"},\"query-input\":\"required name=search_term_string\"}],\"inLanguage\":\"de-DE\"},{\"@type\":\"WebPage\",\"@id\":\"https:\/\/german.news.xerox.com\/de-de\/2012\/09\/07\/renate-becker-nauen-leitet-die-integrated-marketing-organisation-von-xerox-in-deutschland\/#webpage\",\"url\":\"https:\/\/german.news.xerox.com\/de-de\/2012\/09\/07\/renate-becker-nauen-leitet-die-integrated-marketing-organisation-von-xerox-in-deutschland\/\",\"name\":\"Renate Becker-Nauen leitet die Integrated Marketing Organisation von Xerox in Deutschland - Xerox Nachrichten\",\"isPartOf\":{\"@id\":\"https:\/\/german.news.xerox.com\/de-de\/#website\"},\"datePublished\":\"2012-09-07T11:17:10+00:00\",\"dateModified\":\"2017-11-28T12:17:41+00:00\",\"author\":{\"@id\":\"https:\/\/german.news.xerox.com\/de-de\/#\/schema\/person\/7034b781a26b7c9a445af9d6250bf6b7\"},\"breadcrumb\":{\"@id\":\"https:\/\/german.news.xerox.com\/de-de\/2012\/09\/07\/renate-becker-nauen-leitet-die-integrated-marketing-organisation-von-xerox-in-deutschland\/#breadcrumb\"},\"inLanguage\":\"de-DE\",\"potentialAction\":[{\"@type\":\"ReadAction\",\"target\":[\"https:\/\/german.news.xerox.com\/de-de\/2012\/09\/07\/renate-becker-nauen-leitet-die-integrated-marketing-organisation-von-xerox-in-deutschland\/\"]}]},{\"@type\":\"BreadcrumbList\",\"@id\":\"https:\/\/german.news.xerox.com\/de-de\/2012\/09\/07\/renate-becker-nauen-leitet-die-integrated-marketing-organisation-von-xerox-in-deutschland\/#breadcrumb\",\"itemListElement\":[{\"@type\":\"ListItem\",\"position\":1,\"name\":\"Home\",\"item\":\"https:\/\/german.news.xerox.com\/de-de\/\"},{\"@type\":\"ListItem\",\"position\":2,\"name\":\"Renate Becker-Nauen leitet die Integrated Marketing Organisation von Xerox in Deutschland\"}]},{\"@type\":\"Person\",\"@id\":\"https:\/\/german.news.xerox.com\/de-de\/#\/schema\/person\/7034b781a26b7c9a445af9d6250bf6b7\",\"name\":\"bbnese\",\"image\":{\"@type\":\"ImageObject\",\"inLanguage\":\"de-DE\",\"@id\":\"https:\/\/german.news.xerox.com\/de-de\/#\/schema\/person\/image\/\",\"url\":\"https:\/\/secure.gravatar.com\/avatar\/052f61d6388d52985c88b284c5bf47d175b864b6568f93cd2f99168712b9ee48?s=96&r=g\",\"contentUrl\":\"https:\/\/secure.gravatar.com\/avatar\/052f61d6388d52985c88b284c5bf47d175b864b6568f93cd2f99168712b9ee48?s=96&r=g\",\"caption\":\"bbnese\"},\"url\":\"https:\/\/german.news.xerox.com\/de-de\/author\/bbenesch\/\"}]}<\/script>\n<!-- \/ Yoast SEO plugin. -->","yoast_head_json":{"title":"Renate Becker-Nauen leitet die Integrated Marketing Organisation von Xerox in Deutschland - Xerox Nachrichten","robots":{"index":"index","follow":"follow","max-snippet":"max-snippet:-1","max-image-preview":"max-image-preview:large","max-video-preview":"max-video-preview:-1"},"og_locale":"de_DE","og_type":"article","og_title":"Renate Becker-Nauen leitet die Integrated Marketing Organisation von Xerox in Deutschland - Xerox Nachrichten","og_description":"07 Sep. 2012 \u2014 Corporate, Produktionsdruck Neuss \u2013 Renate Becker-Nauen ist die neue Leiterin der Integrated Marketing Organisation (IMO) der Xerox GmbH. Sie \u00fcbernimmt damit die Aufgaben von Albert Brenner, der in den Vertrieb gewechselt hat und nun als General Manager Sales das deutsche High End Production-Gesch\u00e4ft f\u00fcr Xerox verantwortet. Renate Becker-Nauen: \u201eDie Xerox GmbH [&hellip;]","og_url":"https:\/\/german.news.xerox.com\/de-de\/2012\/09\/07\/renate-becker-nauen-leitet-die-integrated-marketing-organisation-von-xerox-in-deutschland\/","og_site_name":"Xerox Nachrichten","article_published_time":"2012-09-07T11:17:10+00:00","article_modified_time":"2017-11-28T12:17:41+00:00","twitter_card":"summary_large_image","twitter_misc":{"Verfasst von":"bbnese","Gesch\u00e4tzte Lesezeit":"1 Minute"},"schema":{"@context":"https:\/\/schema.org","@graph":[{"@type":"WebSite","@id":"https:\/\/german.news.xerox.com\/de-de\/#website","url":"https:\/\/german.news.xerox.com\/de-de\/","name":"Xerox Nachrichten","description":"","potentialAction":[{"@type":"SearchAction","target":{"@type":"EntryPoint","urlTemplate":"https:\/\/german.news.xerox.com\/de-de\/?s={search_term_string}"},"query-input":"required name=search_term_string"}],"inLanguage":"de-DE"},{"@type":"WebPage","@id":"https:\/\/german.news.xerox.com\/de-de\/2012\/09\/07\/renate-becker-nauen-leitet-die-integrated-marketing-organisation-von-xerox-in-deutschland\/#webpage","url":"https:\/\/german.news.xerox.com\/de-de\/2012\/09\/07\/renate-becker-nauen-leitet-die-integrated-marketing-organisation-von-xerox-in-deutschland\/","name":"Renate Becker-Nauen leitet die Integrated Marketing Organisation von Xerox in Deutschland - Xerox Nachrichten","isPartOf":{"@id":"https:\/\/german.news.xerox.com\/de-de\/#website"},"datePublished":"2012-09-07T11:17:10+00:00","dateModified":"2017-11-28T12:17:41+00:00","author":{"@id":"https:\/\/german.news.xerox.com\/de-de\/#\/schema\/person\/7034b781a26b7c9a445af9d6250bf6b7"},"breadcrumb":{"@id":"https:\/\/german.news.xerox.com\/de-de\/2012\/09\/07\/renate-becker-nauen-leitet-die-integrated-marketing-organisation-von-xerox-in-deutschland\/#breadcrumb"},"inLanguage":"de-DE","potentialAction":[{"@type":"ReadAction","target":["https:\/\/german.news.xerox.com\/de-de\/2012\/09\/07\/renate-becker-nauen-leitet-die-integrated-marketing-organisation-von-xerox-in-deutschland\/"]}]},{"@type":"BreadcrumbList","@id":"https:\/\/german.news.xerox.com\/de-de\/2012\/09\/07\/renate-becker-nauen-leitet-die-integrated-marketing-organisation-von-xerox-in-deutschland\/#breadcrumb","itemListElement":[{"@type":"ListItem","position":1,"name":"Home","item":"https:\/\/german.news.xerox.com\/de-de\/"},{"@type":"ListItem","position":2,"name":"Renate Becker-Nauen leitet die Integrated Marketing Organisation von Xerox in Deutschland"}]},{"@type":"Person","@id":"https:\/\/german.news.xerox.com\/de-de\/#\/schema\/person\/7034b781a26b7c9a445af9d6250bf6b7","name":"bbnese","image":{"@type":"ImageObject","inLanguage":"de-DE","@id":"https:\/\/german.news.xerox.com\/de-de\/#\/schema\/person\/image\/","url":"https:\/\/secure.gravatar.com\/avatar\/052f61d6388d52985c88b284c5bf47d175b864b6568f93cd2f99168712b9ee48?s=96&r=g","contentUrl":"https:\/\/secure.gravatar.com\/avatar\/052f61d6388d52985c88b284c5bf47d175b864b6568f93cd2f99168712b9ee48?s=96&r=g","caption":"bbnese"},"url":"https:\/\/german.news.xerox.com\/de-de\/author\/bbenesch\/"}]}},"comment_count":"0","author_name":" ","featured_image_url":false,"ordered_images":null,"drupal_category":[],"_links":{"self":[{"href":"https:\/\/german.news.xerox.com\/de-dewp-json\/wp\/v2\/posts\/5581","targetHints":{"allow":["GET"]}}],"collection":[{"href":"https:\/\/german.news.xerox.com\/de-dewp-json\/wp\/v2\/posts"}],"about":[{"href":"https:\/\/german.news.xerox.com\/de-dewp-json\/wp\/v2\/types\/post"}],"author":[{"embeddable":true,"href":"https:\/\/german.news.xerox.com\/de-dewp-json\/wp\/v2\/users\/32"}],"replies":[{"embeddable":true,"href":"https:\/\/german.news.xerox.com\/de-dewp-json\/wp\/v2\/comments?post=5581"}],"version-history":[{"count":0,"href":"https:\/\/german.news.xerox.com\/de-dewp-json\/wp\/v2\/posts\/5581\/revisions"}],"wp:attachment":[{"href":"https:\/\/german.news.xerox.com\/de-dewp-json\/wp\/v2\/media?parent=5581"}],"wp:term":[{"taxonomy":"category","embeddable":true,"href":"https:\/\/german.news.xerox.com\/de-dewp-json\/wp\/v2\/categories?post=5581"},{"taxonomy":"post_tag","embeddable":true,"href":"https:\/\/german.news.xerox.com\/de-dewp-json\/wp\/v2\/tags?post=5581"},{"taxonomy":"xrx_drupal","embeddable":true,"href":"https:\/\/german.news.xerox.com\/de-dewp-json\/wp\/v2\/xrx_drupal?post=5581"}],"curies":[{"name":"wp","href":"https:\/\/api.w.org\/{rel}","templated":true}]}}