{"id":5641,"date":"2018-05-14T16:25:05","date_gmt":"2018-05-14T14:25:05","guid":{"rendered":"https:\/\/german.news.xerox.com\/?p=5641"},"modified":"2018-06-12T17:36:19","modified_gmt":"2018-06-12T15:36:19","slug":"wechsel-an-der-spitze-von-xerox-austria","status":"publish","type":"post","link":"https:\/\/german.news.xerox.com\/de-de\/2018\/05\/14\/wechsel-an-der-spitze-von-xerox-austria\/","title":{"rendered":"Wechsel an der Spitze von Xerox Austria"},"content":{"rendered":"<p><a href=\"https:\/\/german.news.xerox.com\/wp-content\/uploads\/sites\/30\/2018\/05\/Xerox_Thomas-Hafner.jpg\"><img loading=\"lazy\" decoding=\"async\" class=\"size-medium wp-image-5642 alignleft\" src=\"https:\/\/german.news.xerox.com\/wp-content\/uploads\/sites\/30\/2018\/05\/Xerox_Thomas-Hafner-300x200.jpg\" alt=\"\" width=\"300\" height=\"200\" srcset=\"https:\/\/german.news.xerox.com\/wp-content\/uploads\/sites\/30\/2018\/05\/Xerox_Thomas-Hafner-300x200.jpg 300w, https:\/\/german.news.xerox.com\/wp-content\/uploads\/sites\/30\/2018\/05\/Xerox_Thomas-Hafner-768x512.jpg 768w, https:\/\/german.news.xerox.com\/wp-content\/uploads\/sites\/30\/2018\/05\/Xerox_Thomas-Hafner-1024x683.jpg 1024w, https:\/\/german.news.xerox.com\/wp-content\/uploads\/sites\/30\/2018\/05\/Xerox_Thomas-Hafner.jpg 1772w\" sizes=\"auto, (max-width: 300px) 100vw, 300px\" \/><\/a><em>Thomas Hafner wird General Manager von Xerox Austria. Sandra Kolleth wechselt nach mehr als zwei Jahrzehnten bei Xerox die Branche. <\/em><\/p>\n<p>&nbsp;<\/p>\n<p>Wien, \u00d6sterreich, 14. Mai 2018 \u2013 Xerox gibt bekannt, dass Thomas Hafner als neuer Country General Manager ab dem 1. Juni 2018 die Leitung von Xerox Austria \u00fcbernimmt. Er folgt in dieser Position auf Sandra Kolleth, die sich nach 23 Jahren im Unternehmen f\u00fcr einen Branchenwechsel entschied.<\/p>\n<p>Al Varney, President of North, South and Central European Operations bei Xerox, sagt: \u201eIch m\u00f6chte mich herzlich bei Sandra Kolleth f\u00fcr ihr au\u00dferordentliches Engagement bei Xerox bedanken. Sie hat auf sehr professioneller Basis vertrauensvolle Beziehungen zu unseren Kunden, Partnern und Mitarbeitern aufgebaut und das Gesch\u00e4ftsmodell sowie die positive Gesch\u00e4ftsentwicklung von Xerox Austria ma\u00dfgeblich gestaltet.\u201c<\/p>\n<p>Sandra Kolleth hatte ihre 23-j\u00e4hrige Xerox Karriere nach dem Studium im Qualit\u00e4tsmanagement begonnen und \u00fcbernahm in der Folge zahlreiche F\u00fchrungspositionen in Vertrieb, Marketing und der Service Delivery. Seit 2004 war sie Teil der \u00f6sterreichischen Gesch\u00e4ftsleitung, welche sie seit Mitte 2013 als General Manager leitete.<\/p>\n<p>\u201eGleichzeitig freue ich mich, mit Thomas Hafner einen bestens qualifizierten Nachfolger aus dem \u00f6sterreichischen Team bestellen zu k\u00f6nnen, der den erfolgreichen Kurs von Xerox Austria fortsetzen wird\u201c, f\u00fcgt Al Varney weiter hinzu. Thomas Hafner ist bereits seit zehn Jahren im Unternehmen und verf\u00fcgt \u00fcber langj\u00e4hrige F\u00fchrungserfahrungen bei Xerox im Vertrieb und der Service Delivery. \u201eIm Sinne der regionalen Ausrichtung unserer Organisation ist es uns wichtig, dass Xerox Austria von einem \u00d6sterreicher mit profunden Kenntnissen des Gesch\u00e4fts im Land geleitet wird. Wir freuen uns sehr, diese Besetzung aus den eigenen Reihen vornehmen zu k\u00f6nnen\u201c, erg\u00e4nzt Al Varney.<\/p>\n<p>Zuletzt war Thomas Hafner f\u00fcr die Service-Delivery-Organisation in \u00d6sterreich verantwortlich. \u201eDie Kunden stehen bei uns im Mittelpunkt. Daher sind mir eine optimale Kundenberatung und nachhaltige Kundenbetreuung besonders wichtig. Ich freue mich, mit unserem neuen Produkt- und Dienstleistungsportfolio, einem starken Vertriebsteam, ausgezeichnet aufgestellten Vertriebspartnern und einer hervorragenden Servicemannschaft die Xerox Marktanteile in \u00d6sterreich weiter auszubauen,\u201c erkl\u00e4rt Hafner.<\/p>\n<p>Thomas Hafner begann seine Karriere bei Xerox Austria im Jahr 2008 als Business Development Manager und wurde dann Verkaufsleiter im Gro\u00dfkundenvertrieb. Seit 2014 geh\u00f6rt er der Gesch\u00e4ftsleitung von Xerox Austria an, zun\u00e4chst als Director der Customer-Service-Organisation. In dieser Funktion war er 2016 und 2017 auch f\u00fcr die Schweizer Service-Organisation verantwortlich. Seit April 2017 leitet Thomas Hafner die gesamte Service-Delivery-Organisation von Xerox Austria. Vor seiner Karriere bei Xerox Austria war Hafner bereits zehn Jahre f\u00fcr einen Xerox Vertriebspartner sowie in einigen anderen Funktionen in der IT-Branche t\u00e4tig.<\/p>\n<p>&nbsp;<\/p>\n<p><strong>\u00dcber Xerox<\/strong><br \/>\nXerox Corporation ist ein f\u00fchrendes <a href=\"http:\/\/www.xerox.at\/\">Technologieunternehmen<\/a>, das die Art und Weise, wie die Welt miteinander kommuniziert, sich vernetzt und arbeitet, ver\u00e4ndert. Wir stehen an der Schnittstelle zwischen analogen und digitalen Arbeitsprozessen und wissen, worauf es beim Informationsaustausch ankommt. Wir setzen auf die Integration von Papier und Digital, das steigende Bed\u00fcrfnis nach Mobilit\u00e4t und die Notwendigkeit einer nahtlosen Verbindung zwischen der Welt, in der wir arbeiten und leben. Unsere innovativen Drucktechnologien und intelligenten Arbeitsl\u00f6sungen helfen Menschen jeden Tag, besser zu kommunizieren und zu arbeiten.<\/p>\n<p>Erfahren Sie mehr unter <a href=\"http:\/\/www.xerox.at\/\">www.xerox.at<\/a> und folgen Sie unserem <a href=\"https:\/\/twitter.com\/Xerox?lang=de\">Twitter-Kanal<\/a>.<\/p>\n<p>&nbsp;<\/p>\n<p>&nbsp;<\/p>\n<p><strong>-XXX-<\/strong><\/p>\n<p><strong>\u00a0<\/strong><\/p>\n<p><strong>Pressekontakt:\u00a0\u00a0\u00a0\u00a0\u00a0\u00a0\u00a0\u00a0\u00a0\u00a0 <\/strong><\/p>\n<p>B\u00e4rbl Benesch, Xerox<\/p>\n<p>+43 1 24050 421<\/p>\n<p>Baerbl.benesch@xerox.com<\/p>\n<p><u>\u00a0<\/u><\/p>\n<p><u>Julia Heidorn, Text100<\/u><\/p>\n<p>+49 (0)89 99 83 70 38<\/p>\n<p>Julia.Heidorn@text100.de<\/p>\n<p>&nbsp;<\/p>\n<p>&nbsp;<\/p>\n<p><strong>Note:<\/strong> To receive RSS news feeds, visit <a href=\"https:\/\/www.news.xerox.com\/\">https:\/\/www.news.xerox.com<\/a>. For open commentary, industry perspectives and views visit <a href=\"http:\/\/twitter.com\/xerox\">http:\/\/twitter.com\/xerox<\/a>, <a href=\"http:\/\/www.linkedin.com\/company\/xerox\">http:\/\/www.linkedin.com\/company\/xerox<\/a>, <a href=\"http:\/\/connect.blogs.xerox.com\/\">http:\/\/connect.blogs.xerox.com<\/a>, <a href=\"http:\/\/www.facebook.com\/XeroxCorp\">http:\/\/www.facebook.com\/XeroxCorp<\/a>, <a href=\"http:\/\/www.youtube.com\/XeroxCorp\">http:\/\/www.youtube.com\/XeroxCorp<\/a>.<\/p>\n<p>&nbsp;<\/p>\n<p>Xerox<sup>\u00ae<\/sup> and Xerox and Design<sup>\u00ae<\/sup> are trademarks of Xerox in the United States and\/or other countries. Conduent is a trademark of Conduent Incorporated in the United States and\/or other countries.<\/p>\n<p>&nbsp;<\/p>\n<p>&nbsp;<\/p>\n","protected":false},"excerpt":{"rendered":"<p>Thomas Hafner wird General Manager von Xerox Austria. Sandra Kolleth wechselt nach mehr als zwei Jahrzehnten bei Xerox die Branche. &nbsp; Wien, \u00d6sterreich, 14. Mai 2018 \u2013 Xerox gibt bekannt, dass Thomas Hafner als neuer Country General Manager ab dem 1. Juni 2018 die Leitung von Xerox Austria \u00fcbernimmt. Er folgt in dieser Position auf [&hellip;]<\/p>\n","protected":false},"author":32,"featured_media":0,"comment_status":"closed","ping_status":"open","sticky":false,"template":"","format":"standard","meta":{"footnotes":""},"categories":[1],"tags":[],"xrx_drupal":[],"class_list":["post-5641","post","type-post","status-publish","format-standard","hentry","category-uncategorized"],"yoast_head":"<!-- This site is optimized with the Yoast SEO plugin v19.1 - https:\/\/yoast.com\/wordpress\/plugins\/seo\/ -->\n<title>Wechsel an der Spitze von Xerox Austria - Xerox Nachrichten<\/title>\n<meta name=\"robots\" content=\"index, follow, max-snippet:-1, max-image-preview:large, max-video-preview:-1\" \/>\n<meta property=\"og:locale\" content=\"de_DE\" \/>\n<meta property=\"og:type\" content=\"article\" \/>\n<meta property=\"og:title\" content=\"Wechsel an der Spitze von Xerox Austria - Xerox Nachrichten\" \/>\n<meta property=\"og:description\" content=\"Thomas Hafner wird General Manager von Xerox Austria. Sandra Kolleth wechselt nach mehr als zwei Jahrzehnten bei Xerox die Branche. &nbsp; Wien, \u00d6sterreich, 14. Mai 2018 \u2013 Xerox gibt bekannt, dass Thomas Hafner als neuer Country General Manager ab dem 1. Juni 2018 die Leitung von Xerox Austria \u00fcbernimmt. Er folgt in dieser Position auf [&hellip;]\" \/>\n<meta property=\"og:url\" content=\"https:\/\/german.news.xerox.com\/de-de\/2018\/05\/14\/wechsel-an-der-spitze-von-xerox-austria\/\" \/>\n<meta property=\"og:site_name\" content=\"Xerox Nachrichten\" \/>\n<meta property=\"article:published_time\" content=\"2018-05-14T14:25:05+00:00\" \/>\n<meta property=\"article:modified_time\" content=\"2018-06-12T15:36:19+00:00\" \/>\n<meta property=\"og:image\" content=\"https:\/\/german.news.xerox.com\/wp-content\/uploads\/sites\/30\/2018\/05\/Xerox_Thomas-Hafner-300x200.jpg\" \/>\n<meta name=\"twitter:card\" content=\"summary_large_image\" \/>\n<meta name=\"twitter:label1\" content=\"Verfasst von\" \/>\n\t<meta name=\"twitter:data1\" content=\"bbnese\" \/>\n\t<meta name=\"twitter:label2\" content=\"Gesch\u00e4tzte Lesezeit\" \/>\n\t<meta name=\"twitter:data2\" content=\"3 Minuten\" \/>\n<script type=\"application\/ld+json\" class=\"yoast-schema-graph\">{\"@context\":\"https:\/\/schema.org\",\"@graph\":[{\"@type\":\"WebSite\",\"@id\":\"https:\/\/german.news.xerox.com\/de-de\/#website\",\"url\":\"https:\/\/german.news.xerox.com\/de-de\/\",\"name\":\"Xerox Nachrichten\",\"description\":\"\",\"potentialAction\":[{\"@type\":\"SearchAction\",\"target\":{\"@type\":\"EntryPoint\",\"urlTemplate\":\"https:\/\/german.news.xerox.com\/de-de\/?s={search_term_string}\"},\"query-input\":\"required name=search_term_string\"}],\"inLanguage\":\"de-DE\"},{\"@type\":\"ImageObject\",\"inLanguage\":\"de-DE\",\"@id\":\"https:\/\/german.news.xerox.com\/de-de\/2018\/05\/14\/wechsel-an-der-spitze-von-xerox-austria\/#primaryimage\",\"url\":\"https:\/\/german.news.xerox.com\/wp-content\/uploads\/sites\/30\/2018\/05\/Xerox_Thomas-Hafner.jpg\",\"contentUrl\":\"https:\/\/german.news.xerox.com\/wp-content\/uploads\/sites\/30\/2018\/05\/Xerox_Thomas-Hafner.jpg\",\"width\":1772,\"height\":1182},{\"@type\":\"WebPage\",\"@id\":\"https:\/\/german.news.xerox.com\/de-de\/2018\/05\/14\/wechsel-an-der-spitze-von-xerox-austria\/#webpage\",\"url\":\"https:\/\/german.news.xerox.com\/de-de\/2018\/05\/14\/wechsel-an-der-spitze-von-xerox-austria\/\",\"name\":\"Wechsel an der Spitze von Xerox Austria - Xerox Nachrichten\",\"isPartOf\":{\"@id\":\"https:\/\/german.news.xerox.com\/de-de\/#website\"},\"primaryImageOfPage\":{\"@id\":\"https:\/\/german.news.xerox.com\/de-de\/2018\/05\/14\/wechsel-an-der-spitze-von-xerox-austria\/#primaryimage\"},\"datePublished\":\"2018-05-14T14:25:05+00:00\",\"dateModified\":\"2018-06-12T15:36:19+00:00\",\"author\":{\"@id\":\"https:\/\/german.news.xerox.com\/de-de\/#\/schema\/person\/7034b781a26b7c9a445af9d6250bf6b7\"},\"breadcrumb\":{\"@id\":\"https:\/\/german.news.xerox.com\/de-de\/2018\/05\/14\/wechsel-an-der-spitze-von-xerox-austria\/#breadcrumb\"},\"inLanguage\":\"de-DE\",\"potentialAction\":[{\"@type\":\"ReadAction\",\"target\":[\"https:\/\/german.news.xerox.com\/de-de\/2018\/05\/14\/wechsel-an-der-spitze-von-xerox-austria\/\"]}]},{\"@type\":\"BreadcrumbList\",\"@id\":\"https:\/\/german.news.xerox.com\/de-de\/2018\/05\/14\/wechsel-an-der-spitze-von-xerox-austria\/#breadcrumb\",\"itemListElement\":[{\"@type\":\"ListItem\",\"position\":1,\"name\":\"Home\",\"item\":\"https:\/\/german.news.xerox.com\/de-de\/\"},{\"@type\":\"ListItem\",\"position\":2,\"name\":\"Wechsel an der Spitze von Xerox Austria\"}]},{\"@type\":\"Person\",\"@id\":\"https:\/\/german.news.xerox.com\/de-de\/#\/schema\/person\/7034b781a26b7c9a445af9d6250bf6b7\",\"name\":\"bbnese\",\"image\":{\"@type\":\"ImageObject\",\"inLanguage\":\"de-DE\",\"@id\":\"https:\/\/german.news.xerox.com\/de-de\/#\/schema\/person\/image\/\",\"url\":\"https:\/\/secure.gravatar.com\/avatar\/052f61d6388d52985c88b284c5bf47d175b864b6568f93cd2f99168712b9ee48?s=96&r=g\",\"contentUrl\":\"https:\/\/secure.gravatar.com\/avatar\/052f61d6388d52985c88b284c5bf47d175b864b6568f93cd2f99168712b9ee48?s=96&r=g\",\"caption\":\"bbnese\"},\"url\":\"https:\/\/german.news.xerox.com\/de-de\/author\/bbenesch\/\"}]}<\/script>\n<!-- \/ Yoast SEO plugin. -->","yoast_head_json":{"title":"Wechsel an der Spitze von Xerox Austria - Xerox Nachrichten","robots":{"index":"index","follow":"follow","max-snippet":"max-snippet:-1","max-image-preview":"max-image-preview:large","max-video-preview":"max-video-preview:-1"},"og_locale":"de_DE","og_type":"article","og_title":"Wechsel an der Spitze von Xerox Austria - Xerox Nachrichten","og_description":"Thomas Hafner wird General Manager von Xerox Austria. Sandra Kolleth wechselt nach mehr als zwei Jahrzehnten bei Xerox die Branche. &nbsp; Wien, \u00d6sterreich, 14. Mai 2018 \u2013 Xerox gibt bekannt, dass Thomas Hafner als neuer Country General Manager ab dem 1. Juni 2018 die Leitung von Xerox Austria \u00fcbernimmt. Er folgt in dieser Position auf [&hellip;]","og_url":"https:\/\/german.news.xerox.com\/de-de\/2018\/05\/14\/wechsel-an-der-spitze-von-xerox-austria\/","og_site_name":"Xerox Nachrichten","article_published_time":"2018-05-14T14:25:05+00:00","article_modified_time":"2018-06-12T15:36:19+00:00","og_image":[{"url":"https:\/\/german.news.xerox.com\/wp-content\/uploads\/sites\/30\/2018\/05\/Xerox_Thomas-Hafner-300x200.jpg"}],"twitter_card":"summary_large_image","twitter_misc":{"Verfasst von":"bbnese","Gesch\u00e4tzte Lesezeit":"3 Minuten"},"schema":{"@context":"https:\/\/schema.org","@graph":[{"@type":"WebSite","@id":"https:\/\/german.news.xerox.com\/de-de\/#website","url":"https:\/\/german.news.xerox.com\/de-de\/","name":"Xerox Nachrichten","description":"","potentialAction":[{"@type":"SearchAction","target":{"@type":"EntryPoint","urlTemplate":"https:\/\/german.news.xerox.com\/de-de\/?s={search_term_string}"},"query-input":"required name=search_term_string"}],"inLanguage":"de-DE"},{"@type":"ImageObject","inLanguage":"de-DE","@id":"https:\/\/german.news.xerox.com\/de-de\/2018\/05\/14\/wechsel-an-der-spitze-von-xerox-austria\/#primaryimage","url":"https:\/\/german.news.xerox.com\/wp-content\/uploads\/sites\/30\/2018\/05\/Xerox_Thomas-Hafner.jpg","contentUrl":"https:\/\/german.news.xerox.com\/wp-content\/uploads\/sites\/30\/2018\/05\/Xerox_Thomas-Hafner.jpg","width":1772,"height":1182},{"@type":"WebPage","@id":"https:\/\/german.news.xerox.com\/de-de\/2018\/05\/14\/wechsel-an-der-spitze-von-xerox-austria\/#webpage","url":"https:\/\/german.news.xerox.com\/de-de\/2018\/05\/14\/wechsel-an-der-spitze-von-xerox-austria\/","name":"Wechsel an der Spitze von Xerox Austria - Xerox Nachrichten","isPartOf":{"@id":"https:\/\/german.news.xerox.com\/de-de\/#website"},"primaryImageOfPage":{"@id":"https:\/\/german.news.xerox.com\/de-de\/2018\/05\/14\/wechsel-an-der-spitze-von-xerox-austria\/#primaryimage"},"datePublished":"2018-05-14T14:25:05+00:00","dateModified":"2018-06-12T15:36:19+00:00","author":{"@id":"https:\/\/german.news.xerox.com\/de-de\/#\/schema\/person\/7034b781a26b7c9a445af9d6250bf6b7"},"breadcrumb":{"@id":"https:\/\/german.news.xerox.com\/de-de\/2018\/05\/14\/wechsel-an-der-spitze-von-xerox-austria\/#breadcrumb"},"inLanguage":"de-DE","potentialAction":[{"@type":"ReadAction","target":["https:\/\/german.news.xerox.com\/de-de\/2018\/05\/14\/wechsel-an-der-spitze-von-xerox-austria\/"]}]},{"@type":"BreadcrumbList","@id":"https:\/\/german.news.xerox.com\/de-de\/2018\/05\/14\/wechsel-an-der-spitze-von-xerox-austria\/#breadcrumb","itemListElement":[{"@type":"ListItem","position":1,"name":"Home","item":"https:\/\/german.news.xerox.com\/de-de\/"},{"@type":"ListItem","position":2,"name":"Wechsel an der Spitze von Xerox Austria"}]},{"@type":"Person","@id":"https:\/\/german.news.xerox.com\/de-de\/#\/schema\/person\/7034b781a26b7c9a445af9d6250bf6b7","name":"bbnese","image":{"@type":"ImageObject","inLanguage":"de-DE","@id":"https:\/\/german.news.xerox.com\/de-de\/#\/schema\/person\/image\/","url":"https:\/\/secure.gravatar.com\/avatar\/052f61d6388d52985c88b284c5bf47d175b864b6568f93cd2f99168712b9ee48?s=96&r=g","contentUrl":"https:\/\/secure.gravatar.com\/avatar\/052f61d6388d52985c88b284c5bf47d175b864b6568f93cd2f99168712b9ee48?s=96&r=g","caption":"bbnese"},"url":"https:\/\/german.news.xerox.com\/de-de\/author\/bbenesch\/"}]}},"comment_count":"0","author_name":" ","featured_image_url":false,"ordered_images":null,"drupal_category":[],"_links":{"self":[{"href":"https:\/\/german.news.xerox.com\/de-dewp-json\/wp\/v2\/posts\/5641","targetHints":{"allow":["GET"]}}],"collection":[{"href":"https:\/\/german.news.xerox.com\/de-dewp-json\/wp\/v2\/posts"}],"about":[{"href":"https:\/\/german.news.xerox.com\/de-dewp-json\/wp\/v2\/types\/post"}],"author":[{"embeddable":true,"href":"https:\/\/german.news.xerox.com\/de-dewp-json\/wp\/v2\/users\/32"}],"replies":[{"embeddable":true,"href":"https:\/\/german.news.xerox.com\/de-dewp-json\/wp\/v2\/comments?post=5641"}],"version-history":[{"count":0,"href":"https:\/\/german.news.xerox.com\/de-dewp-json\/wp\/v2\/posts\/5641\/revisions"}],"wp:attachment":[{"href":"https:\/\/german.news.xerox.com\/de-dewp-json\/wp\/v2\/media?parent=5641"}],"wp:term":[{"taxonomy":"category","embeddable":true,"href":"https:\/\/german.news.xerox.com\/de-dewp-json\/wp\/v2\/categories?post=5641"},{"taxonomy":"post_tag","embeddable":true,"href":"https:\/\/german.news.xerox.com\/de-dewp-json\/wp\/v2\/tags?post=5641"},{"taxonomy":"xrx_drupal","embeddable":true,"href":"https:\/\/german.news.xerox.com\/de-dewp-json\/wp\/v2\/xrx_drupal?post=5641"}],"curies":[{"name":"wp","href":"https:\/\/api.w.org\/{rel}","templated":true}]}}