{"id":5786,"date":"2021-03-11T15:28:37","date_gmt":"2021-03-11T14:28:37","guid":{"rendered":"https:\/\/german.news.xerox.com\/?p=5786"},"modified":"2021-03-11T15:28:37","modified_gmt":"2021-03-11T14:28:37","slug":"xerox-nominiert-nichelle-maynard-elliott-und-margarita-palau-hernandez-fuer-die-vorstandswahl-auf-der-aktionaersversammlung-2021","status":"publish","type":"post","link":"https:\/\/german.news.xerox.com\/de-de\/2021\/03\/11\/xerox-nominiert-nichelle-maynard-elliott-und-margarita-palau-hernandez-fuer-die-vorstandswahl-auf-der-aktionaersversammlung-2021\/","title":{"rendered":"Xerox nominiert Nichelle Maynard-Elliott und Margarita Pal\u00e1u-Hern\u00e1ndez f\u00fcr die Vorstandswahl auf der Aktion\u00e4rsversammlung 2021"},"content":{"rendered":"<p><strong>DACH Region \/ Norwalk, Conn., 11. M\u00e4rz 2021<\/strong> \u2014 Die\u00a0<a href=\"https:\/\/www.xerox.de\/\">Xerox Holdings Corporation<\/a>, ein globales Unternehmen f\u00fcr Arbeitsplatztechnologie, hat heute die Aufnahme von Nichelle Maynard-Elliott und Margarita Pal\u00e1u-Hern\u00e1ndez in den Kandidatenkreis f\u00fcr die Vorstandswahl auf der j\u00e4hrlichen Aktion\u00e4rsversammlung am 20. Mai 2021 bekannt gegeben. Mit Maynard-Elliott und Pal\u00e1u-Hern\u00e1ndez erh\u00f6ht sich die Gesamtzahl der Direktoren auf neun.<\/p>\n<p>\u201eXerox ist bestrebt, die M\u00e4rkte widerzuspiegeln, die wir bedienen und das trifft auch auf unsere F\u00fchrungskr\u00e4fte und den Vorstand zu\u201c, erkl\u00e4rt John Visentin, Vice Chairman und CEO von Xerox. \u201eNichelles Erfahrung bei der Bewertung und Verhandlung komplexer Transaktionen als Principal und Margaritas Erfahrung bei der Gr\u00fcndung, Skalierung und Investition in neue Unternehmen werden die Wachstumsstrategie von Xerox unterst\u00fctzen. Wir freuen uns darauf, von ihrem Wissen und ihren Erfahrungen zu profitieren, die sie in unser Unternehmen einbringen werden.\u201c<\/p>\n<p>Maynard-Elliott war mehr als 25 Jahre lang als Corporate Dealmaker t\u00e4tig, wo sie Akquisitionen, Joint Ventures und strategische Partnerschaften anwarb, strukturierte und umsetzte. Zuletzt war sie f\u00fcr Praxair, Inc. t\u00e4tig, eines der weltweit gr\u00f6\u00dften Industriegasunternehmen, wo sie im Jahr 2019 an der 90 Milliarden Dollar schweren Fusion des Unternehmens mit Linde PLC mitwirkte. Maynard-Elliott ist au\u00dferdem Mitglied des Vorstands von Element Solutions, einem weltweit t\u00e4tigen, diversifizierten Unternehmen f\u00fcr Spezialchemikalien.\u00a0\u201eXerox ist eine globale Marke, die f\u00fcr Innovationen steht, die die Arbeitsweise von Menschen ver\u00e4ndern\u201c, so Maynard-Elliott. \u201eNachdem ich das Xerox-Team im letzten Jahr kennengelernt habe, freue ich mich nun darauf, dem Vorstand beizutreten und dessen Mission zu unterst\u00fctzen, Werte f\u00fcr alle Xerox-Stakeholder zu schaffen.\u201c<\/p>\n<p>Margarita Pal\u00e1u-Hern\u00e1ndez ist eine Pionierin auf mehreren Fachgebieten, unter anderem die spanische Medienlandschaft sowie die Wirtschafts- und Immobilienbranche. Dar\u00fcber hinaus hat sie mehrere nationale und internationale Unternehmen gegr\u00fcndet und geleitet. Von 2018 bis 2019 hatte Pal\u00e1u-Hern\u00e1ndez als US-Vertreterin bei der Generalversammlung der Vereinten Nationen den pers\u00f6nlichen Rang einer Botschafterin inne. Sie ist au\u00dferdem Mitglied des Verwaltungsrats von Herbalife Nutrition, einem globalen Ern\u00e4hrungsunternehmen, von Conduent Incorporated, einem globalen technologiegef\u00fchrten Unternehmen f\u00fcr Gesch\u00e4ftsabwicklungsdienste, sowie von Occidental Petroleum, einem globalen Unternehmen f\u00fcr die \u00dcberpr\u00fcfung und Produktion von \u00d6l und Gas.\u00a0\u201eXerox und sein F\u00fchrungsteam unternehmen mutige Schritte, um das Unternehmen und seine Herangehensweise, globale Kunden bei ihrem Business zu unterst\u00fctzen, neu zu definieren\u201c, sagt Pal\u00e1u-Hern\u00e1ndez. \u201eIch freue mich \u00fcber die M\u00f6glichkeit, meine Erfahrung zu nutzen, um die Transformation von Xerox mit anzutreiben.\u201c<\/p>\n<p>Xerox gab au\u00dferdem bekannt, dass gem\u00e4\u00df dem Nominierungs- und Stillhalteabkommen mit Carl C. Icahn und einigen seiner verbundenen Unternehmen, James L. Nelson, Chief Executive Officer von Global Net Lease Inc., und Steven D. Miller, Portfoliomanager von Icahn Capital LP, auf die Liste der Nominierten gesetzt werden, die bei der j\u00e4hrlichen Aktion\u00e4rsversammlung am 20. Mai 2021 in den Vorstand gew\u00e4hlt werden und damit Jonathan Christodoro und Nicholas Graziano ersetzen.<\/p>\n<p><strong>\u00dcber Xerox<\/strong><br \/>\n<strong>Xerox optimiert Ihren Arbeitsalltag.<\/strong> Xerox ist im Bereich Arbeitsplatztechnologie t\u00e4tig. Wir k\u00fcmmern uns um die Integration von <a href=\"https:\/\/www.xerox.de\/de-de\/workflow-management-software\">Software<\/a> und <a href=\"https:\/\/www.xerox.com\/de-de\/printing-equipment\">Hardware<\/a> in gro\u00dfen und kleinen Unternehmen. Unsere Kunden stehen vor der Herausforderung, Informationen auf digitalen und physischen Plattformen zu verwalten. Xerox bietet daf\u00fcr eine nahtlose, sichere und nachhaltige L\u00f6sung. Egal, ob Kopierer, Ethernet oder Laserdrucker \u2013 Xerox gilt seit langem als Vorreiter bei Technologie f\u00fcr den modernen Arbeitsplatz.<\/p>\n<p>Erfahren Sie, auf <a href=\"http:\/\/www.xerox.de\/\">xerox.de<\/a>, welche <a href=\"https:\/\/www.xerox.com\/de-de\/innovation\">Innovationen<\/a> Xerox f\u00fcr die Zukunft plant, und folgen Sie uns auf Twitter unter <a href=\"https:\/\/twitter.com\/XeroxDACH\">@XeroxDACH<\/a>.<\/p>\n<p><strong>Pressekontakt:<\/strong><br \/>\nXerox<br \/>\nB\u00e4rbl Benesch<br \/>\nTel.: +43 1 24050 421<br \/>\nE-Mail: <a href=\"mailto:Baerbl.benesch@xerox.com\">Baerbl.benesch@xerox.com<\/a><\/p>\n<p>WE Communications<br \/>\nKatharina S\u00f6ltenfu\u00df<br \/>\nTel: +49 89 62 81 75 03<br \/>\nE-Mail: <a href=\"mailto:XeroxGermany@we-worldwide.com\">XeroxGermany@we-worldwide.com<\/a><\/p>\n<p>Hinweis: Um RSS-Newsfeeds zu erhalten, besuchen Sie <a href=\"https:\/\/www.news.xerox.com\/\">www.news.xerox.com<\/a>. F\u00fcr weitere Informationen, Branchenperspektiven sowie -ansichten besuchen Sie <a href=\"http:\/\/www.twitter.com\/xeroxdach\">@XeroxDACH<\/a>, <a href=\"http:\/\/www.facebook.com\/XeroxDACH\">www.facebook.com\/XeroxDACH<\/a>, <a href=\"http:\/\/www.instagram.com\/xerox\">www.instagram.com\/xerox<\/a>, <a href=\"http:\/\/www.linkedin.com\/company\/xerox\">www.linkedin.com\/company\/xerox<\/a>, <a href=\"http:\/\/www.youtube.com\/XeroxCorp\">www.youtube.com\/XeroxCorp<\/a>.<\/p>\n","protected":false},"excerpt":{"rendered":"<p>DACH Region \/ Norwalk, Conn., 11. M\u00e4rz 2021 \u2014 Die\u00a0Xerox Holdings Corporation, ein globales Unternehmen f\u00fcr Arbeitsplatztechnologie, hat heute die Aufnahme von Nichelle Maynard-Elliott und Margarita Pal\u00e1u-Hern\u00e1ndez in den Kandidatenkreis f\u00fcr die Vorstandswahl auf der j\u00e4hrlichen Aktion\u00e4rsversammlung am 20. Mai 2021 bekannt gegeben. Mit Maynard-Elliott und Pal\u00e1u-Hern\u00e1ndez erh\u00f6ht sich die Gesamtzahl der Direktoren auf neun. [&hellip;]<\/p>\n","protected":false},"author":32,"featured_media":0,"comment_status":"closed","ping_status":"closed","sticky":false,"template":"","format":"standard","meta":{"footnotes":""},"categories":[1],"tags":[],"xrx_drupal":[],"class_list":["post-5786","post","type-post","status-publish","format-standard","hentry","category-uncategorized"],"yoast_head":"<!-- This site is optimized with the Yoast SEO plugin v19.1 - https:\/\/yoast.com\/wordpress\/plugins\/seo\/ -->\n<title>Xerox nominiert Nichelle Maynard-Elliott und Margarita Pal\u00e1u-Hern\u00e1ndez f\u00fcr die Vorstandswahl auf der Aktion\u00e4rsversammlung 2021 - Xerox Nachrichten<\/title>\n<meta name=\"robots\" content=\"index, follow, max-snippet:-1, max-image-preview:large, max-video-preview:-1\" \/>\n<meta property=\"og:locale\" content=\"de_DE\" \/>\n<meta property=\"og:type\" content=\"article\" \/>\n<meta property=\"og:title\" content=\"Xerox nominiert Nichelle Maynard-Elliott und Margarita Pal\u00e1u-Hern\u00e1ndez f\u00fcr die Vorstandswahl auf der Aktion\u00e4rsversammlung 2021 - Xerox Nachrichten\" \/>\n<meta property=\"og:description\" content=\"DACH Region \/ Norwalk, Conn., 11. M\u00e4rz 2021 \u2014 Die\u00a0Xerox Holdings Corporation, ein globales Unternehmen f\u00fcr Arbeitsplatztechnologie, hat heute die Aufnahme von Nichelle Maynard-Elliott und Margarita Pal\u00e1u-Hern\u00e1ndez in den Kandidatenkreis f\u00fcr die Vorstandswahl auf der j\u00e4hrlichen Aktion\u00e4rsversammlung am 20. Mai 2021 bekannt gegeben. Mit Maynard-Elliott und Pal\u00e1u-Hern\u00e1ndez erh\u00f6ht sich die Gesamtzahl der Direktoren auf neun. [&hellip;]\" \/>\n<meta property=\"og:url\" content=\"https:\/\/german.news.xerox.com\/de-at\/2021\/03\/11\/xerox-nominiert-nichelle-maynard-elliott-und-margarita-palau-hernandez-fuer-die-vorstandswahl-auf-der-aktionaersversammlung-2021\/\" \/>\n<meta property=\"og:site_name\" content=\"Xerox Nachrichten\" \/>\n<meta property=\"article:published_time\" content=\"2021-03-11T14:28:37+00:00\" \/>\n<meta name=\"twitter:card\" content=\"summary_large_image\" \/>\n<meta name=\"twitter:label1\" content=\"Verfasst von\" \/>\n\t<meta name=\"twitter:data1\" content=\"bbnese\" \/>\n\t<meta name=\"twitter:label2\" content=\"Gesch\u00e4tzte Lesezeit\" \/>\n\t<meta name=\"twitter:data2\" content=\"3 Minuten\" \/>\n<script type=\"application\/ld+json\" class=\"yoast-schema-graph\">{\"@context\":\"https:\/\/schema.org\",\"@graph\":[{\"@type\":\"WebSite\",\"@id\":\"https:\/\/german.news.xerox.com\/de-de\/#website\",\"url\":\"https:\/\/german.news.xerox.com\/de-de\/\",\"name\":\"Xerox Nachrichten\",\"description\":\"\",\"potentialAction\":[{\"@type\":\"SearchAction\",\"target\":{\"@type\":\"EntryPoint\",\"urlTemplate\":\"https:\/\/german.news.xerox.com\/de-de\/?s={search_term_string}\"},\"query-input\":\"required name=search_term_string\"}],\"inLanguage\":\"de-DE\"},{\"@type\":\"WebPage\",\"@id\":\"https:\/\/german.news.xerox.com\/de-at\/2021\/03\/11\/xerox-nominiert-nichelle-maynard-elliott-und-margarita-palau-hernandez-fuer-die-vorstandswahl-auf-der-aktionaersversammlung-2021\/#webpage\",\"url\":\"https:\/\/german.news.xerox.com\/de-at\/2021\/03\/11\/xerox-nominiert-nichelle-maynard-elliott-und-margarita-palau-hernandez-fuer-die-vorstandswahl-auf-der-aktionaersversammlung-2021\/\",\"name\":\"Xerox nominiert Nichelle Maynard-Elliott und Margarita Pal\u00e1u-Hern\u00e1ndez f\u00fcr die Vorstandswahl auf der Aktion\u00e4rsversammlung 2021 - Xerox Nachrichten\",\"isPartOf\":{\"@id\":\"https:\/\/german.news.xerox.com\/de-de\/#website\"},\"datePublished\":\"2021-03-11T14:28:37+00:00\",\"dateModified\":\"2021-03-11T14:28:37+00:00\",\"author\":{\"@id\":\"https:\/\/german.news.xerox.com\/de-de\/#\/schema\/person\/7034b781a26b7c9a445af9d6250bf6b7\"},\"breadcrumb\":{\"@id\":\"https:\/\/german.news.xerox.com\/de-at\/2021\/03\/11\/xerox-nominiert-nichelle-maynard-elliott-und-margarita-palau-hernandez-fuer-die-vorstandswahl-auf-der-aktionaersversammlung-2021\/#breadcrumb\"},\"inLanguage\":\"de-DE\",\"potentialAction\":[{\"@type\":\"ReadAction\",\"target\":[\"https:\/\/german.news.xerox.com\/de-at\/2021\/03\/11\/xerox-nominiert-nichelle-maynard-elliott-und-margarita-palau-hernandez-fuer-die-vorstandswahl-auf-der-aktionaersversammlung-2021\/\"]}]},{\"@type\":\"BreadcrumbList\",\"@id\":\"https:\/\/german.news.xerox.com\/de-at\/2021\/03\/11\/xerox-nominiert-nichelle-maynard-elliott-und-margarita-palau-hernandez-fuer-die-vorstandswahl-auf-der-aktionaersversammlung-2021\/#breadcrumb\",\"itemListElement\":[{\"@type\":\"ListItem\",\"position\":1,\"name\":\"Home\",\"item\":\"https:\/\/german.news.xerox.com\/de-de\/\"},{\"@type\":\"ListItem\",\"position\":2,\"name\":\"Xerox nominiert Nichelle Maynard-Elliott und Margarita Pal\u00e1u-Hern\u00e1ndez f\u00fcr die Vorstandswahl auf der Aktion\u00e4rsversammlung 2021\"}]},{\"@type\":\"Person\",\"@id\":\"https:\/\/german.news.xerox.com\/de-de\/#\/schema\/person\/7034b781a26b7c9a445af9d6250bf6b7\",\"name\":\"bbnese\",\"image\":{\"@type\":\"ImageObject\",\"inLanguage\":\"de-DE\",\"@id\":\"https:\/\/german.news.xerox.com\/de-de\/#\/schema\/person\/image\/\",\"url\":\"https:\/\/secure.gravatar.com\/avatar\/052f61d6388d52985c88b284c5bf47d175b864b6568f93cd2f99168712b9ee48?s=96&r=g\",\"contentUrl\":\"https:\/\/secure.gravatar.com\/avatar\/052f61d6388d52985c88b284c5bf47d175b864b6568f93cd2f99168712b9ee48?s=96&r=g\",\"caption\":\"bbnese\"},\"url\":\"https:\/\/german.news.xerox.com\/de-de\/author\/bbenesch\/\"}]}<\/script>\n<!-- \/ Yoast SEO plugin. -->","yoast_head_json":{"title":"Xerox nominiert Nichelle Maynard-Elliott und Margarita Pal\u00e1u-Hern\u00e1ndez f\u00fcr die Vorstandswahl auf der Aktion\u00e4rsversammlung 2021 - Xerox Nachrichten","robots":{"index":"index","follow":"follow","max-snippet":"max-snippet:-1","max-image-preview":"max-image-preview:large","max-video-preview":"max-video-preview:-1"},"og_locale":"de_DE","og_type":"article","og_title":"Xerox nominiert Nichelle Maynard-Elliott und Margarita Pal\u00e1u-Hern\u00e1ndez f\u00fcr die Vorstandswahl auf der Aktion\u00e4rsversammlung 2021 - Xerox Nachrichten","og_description":"DACH Region \/ Norwalk, Conn., 11. M\u00e4rz 2021 \u2014 Die\u00a0Xerox Holdings Corporation, ein globales Unternehmen f\u00fcr Arbeitsplatztechnologie, hat heute die Aufnahme von Nichelle Maynard-Elliott und Margarita Pal\u00e1u-Hern\u00e1ndez in den Kandidatenkreis f\u00fcr die Vorstandswahl auf der j\u00e4hrlichen Aktion\u00e4rsversammlung am 20. Mai 2021 bekannt gegeben. Mit Maynard-Elliott und Pal\u00e1u-Hern\u00e1ndez erh\u00f6ht sich die Gesamtzahl der Direktoren auf neun. [&hellip;]","og_url":"https:\/\/german.news.xerox.com\/de-at\/2021\/03\/11\/xerox-nominiert-nichelle-maynard-elliott-und-margarita-palau-hernandez-fuer-die-vorstandswahl-auf-der-aktionaersversammlung-2021\/","og_site_name":"Xerox Nachrichten","article_published_time":"2021-03-11T14:28:37+00:00","twitter_card":"summary_large_image","twitter_misc":{"Verfasst von":"bbnese","Gesch\u00e4tzte Lesezeit":"3 Minuten"},"schema":{"@context":"https:\/\/schema.org","@graph":[{"@type":"WebSite","@id":"https:\/\/german.news.xerox.com\/de-de\/#website","url":"https:\/\/german.news.xerox.com\/de-de\/","name":"Xerox Nachrichten","description":"","potentialAction":[{"@type":"SearchAction","target":{"@type":"EntryPoint","urlTemplate":"https:\/\/german.news.xerox.com\/de-de\/?s={search_term_string}"},"query-input":"required name=search_term_string"}],"inLanguage":"de-DE"},{"@type":"WebPage","@id":"https:\/\/german.news.xerox.com\/de-at\/2021\/03\/11\/xerox-nominiert-nichelle-maynard-elliott-und-margarita-palau-hernandez-fuer-die-vorstandswahl-auf-der-aktionaersversammlung-2021\/#webpage","url":"https:\/\/german.news.xerox.com\/de-at\/2021\/03\/11\/xerox-nominiert-nichelle-maynard-elliott-und-margarita-palau-hernandez-fuer-die-vorstandswahl-auf-der-aktionaersversammlung-2021\/","name":"Xerox nominiert Nichelle Maynard-Elliott und Margarita Pal\u00e1u-Hern\u00e1ndez f\u00fcr die Vorstandswahl auf der Aktion\u00e4rsversammlung 2021 - Xerox Nachrichten","isPartOf":{"@id":"https:\/\/german.news.xerox.com\/de-de\/#website"},"datePublished":"2021-03-11T14:28:37+00:00","dateModified":"2021-03-11T14:28:37+00:00","author":{"@id":"https:\/\/german.news.xerox.com\/de-de\/#\/schema\/person\/7034b781a26b7c9a445af9d6250bf6b7"},"breadcrumb":{"@id":"https:\/\/german.news.xerox.com\/de-at\/2021\/03\/11\/xerox-nominiert-nichelle-maynard-elliott-und-margarita-palau-hernandez-fuer-die-vorstandswahl-auf-der-aktionaersversammlung-2021\/#breadcrumb"},"inLanguage":"de-DE","potentialAction":[{"@type":"ReadAction","target":["https:\/\/german.news.xerox.com\/de-at\/2021\/03\/11\/xerox-nominiert-nichelle-maynard-elliott-und-margarita-palau-hernandez-fuer-die-vorstandswahl-auf-der-aktionaersversammlung-2021\/"]}]},{"@type":"BreadcrumbList","@id":"https:\/\/german.news.xerox.com\/de-at\/2021\/03\/11\/xerox-nominiert-nichelle-maynard-elliott-und-margarita-palau-hernandez-fuer-die-vorstandswahl-auf-der-aktionaersversammlung-2021\/#breadcrumb","itemListElement":[{"@type":"ListItem","position":1,"name":"Home","item":"https:\/\/german.news.xerox.com\/de-de\/"},{"@type":"ListItem","position":2,"name":"Xerox nominiert Nichelle Maynard-Elliott und Margarita Pal\u00e1u-Hern\u00e1ndez f\u00fcr die Vorstandswahl auf der Aktion\u00e4rsversammlung 2021"}]},{"@type":"Person","@id":"https:\/\/german.news.xerox.com\/de-de\/#\/schema\/person\/7034b781a26b7c9a445af9d6250bf6b7","name":"bbnese","image":{"@type":"ImageObject","inLanguage":"de-DE","@id":"https:\/\/german.news.xerox.com\/de-de\/#\/schema\/person\/image\/","url":"https:\/\/secure.gravatar.com\/avatar\/052f61d6388d52985c88b284c5bf47d175b864b6568f93cd2f99168712b9ee48?s=96&r=g","contentUrl":"https:\/\/secure.gravatar.com\/avatar\/052f61d6388d52985c88b284c5bf47d175b864b6568f93cd2f99168712b9ee48?s=96&r=g","caption":"bbnese"},"url":"https:\/\/german.news.xerox.com\/de-de\/author\/bbenesch\/"}]}},"comment_count":"0","author_name":" ","featured_image_url":false,"ordered_images":null,"drupal_category":[],"_links":{"self":[{"href":"https:\/\/german.news.xerox.com\/de-dewp-json\/wp\/v2\/posts\/5786","targetHints":{"allow":["GET"]}}],"collection":[{"href":"https:\/\/german.news.xerox.com\/de-dewp-json\/wp\/v2\/posts"}],"about":[{"href":"https:\/\/german.news.xerox.com\/de-dewp-json\/wp\/v2\/types\/post"}],"author":[{"embeddable":true,"href":"https:\/\/german.news.xerox.com\/de-dewp-json\/wp\/v2\/users\/32"}],"replies":[{"embeddable":true,"href":"https:\/\/german.news.xerox.com\/de-dewp-json\/wp\/v2\/comments?post=5786"}],"version-history":[{"count":0,"href":"https:\/\/german.news.xerox.com\/de-dewp-json\/wp\/v2\/posts\/5786\/revisions"}],"wp:attachment":[{"href":"https:\/\/german.news.xerox.com\/de-dewp-json\/wp\/v2\/media?parent=5786"}],"wp:term":[{"taxonomy":"category","embeddable":true,"href":"https:\/\/german.news.xerox.com\/de-dewp-json\/wp\/v2\/categories?post=5786"},{"taxonomy":"post_tag","embeddable":true,"href":"https:\/\/german.news.xerox.com\/de-dewp-json\/wp\/v2\/tags?post=5786"},{"taxonomy":"xrx_drupal","embeddable":true,"href":"https:\/\/german.news.xerox.com\/de-dewp-json\/wp\/v2\/xrx_drupal?post=5786"}],"curies":[{"name":"wp","href":"https:\/\/api.w.org\/{rel}","templated":true}]}}