{"id":5794,"date":"2021-05-17T16:19:59","date_gmt":"2021-05-17T14:19:59","guid":{"rendered":"https:\/\/german.news.xerox.com\/?p=5794"},"modified":"2021-05-17T16:35:33","modified_gmt":"2021-05-17T14:35:33","slug":"xerox-besetzt-fuehrungspositionen-in-der-dach-region-neu","status":"publish","type":"post","link":"https:\/\/german.news.xerox.com\/de-de\/2021\/05\/17\/xerox-besetzt-fuehrungspositionen-in-der-dach-region-neu\/","title":{"rendered":"Xerox besetzt F\u00fchrungspositionen in der DACH-Region neu"},"content":{"rendered":"<p>Xerox verk\u00fcndet die Ernennung drei neuer F\u00fchrungskr\u00e4fte: Peter Tabke ist neuer Head of Direct Sales f\u00fcr Deutschland, Isabella Bl\u00fcml \u00fcbernimmt die Position des Head of Direct Sales f\u00fcr \u00d6sterreich und J\u00fcrgen Weber ist Head of Direct Sales f\u00fcr die Schweiz. Bl\u00fcml und Weber \u00fcbernehmen dar\u00fcber hinaus die Rolle der Gesch\u00e4ftsf\u00fchrung f\u00fcr \u00d6sterreich beziehungsweise die Schweiz. Alle drei berichten direkt an Jacqueline Fechner, President DACH Operations. Diese Struktur erm\u00f6glicht es Xerox, die Anforderungen der Kunden in einem sich schnell \u00e4ndernden Gesch\u00e4ftsumfeld zu erf\u00fcllen und die Reichweite in der Region zu vergr\u00f6\u00dfern.<\/p>\n<p>Peter Tabke, der die Rolle des Head of Direct Sales f\u00fcr Deutschland \u00fcbernimmt, verf\u00fcgt \u00fcber langj\u00e4hrige Erfahrung im Vertrieb und Marketing in verschiedenen Branchen. Zuletzt bekleidete er die Position des Commercial Directors North &amp; Central Europe bei SONAE ARAUCO.<\/p>\n<p>Isabella Bl\u00fcml und J\u00fcrgen Weber hatten bereits eine Vielzahl von Vertriebsfunktionen bei Xerox inne. So war Bl\u00fcml zuletzt f\u00fcr das Large Enterprise Team in \u00d6sterreich und der Schweiz verantwortlich und Weber leitete das Graphic Communication Team in \u00d6sterreich und der Schweiz.<\/p>\n<p><strong>\u00dcber Xerox<\/strong><br \/>\n<strong>Xerox optimiert Ihren Arbeitsalltag.<\/strong> Xerox ist im Bereich Arbeitsplatztechnologie t\u00e4tig. Wir k\u00fcmmern uns um die Integration von\u00a0<a href=\"https:\/\/www.xerox.de\/de-de\/workflow-management-software\" target=\"_blank\" rel=\"noopener\">Software<\/a> und\u00a0<a href=\"https:\/\/www.xerox.com\/de-de\/printing-equipment\" target=\"_blank\" rel=\"noopener\">Hardware<\/a> in gro\u00dfen und kleinen Unternehmen. Unsere Kunden stehen vor der Herausforderung, Informationen auf digitalen und physischen Plattformen zu verwalten. Xerox bietet daf\u00fcr eine nahtlose, sichere und nachhaltige L\u00f6sung. Egal, ob Kopierer, Ethernet oder Laserdrucker \u2013 Xerox gilt seit langem als Vorreiter bei Technologie f\u00fcr den modernen Arbeitsplatz.<\/p>\n<p><strong>Pressekontakt:<\/strong><br \/>\nXerox<br \/>\nB\u00e4rbl Benesch<br \/>\nTel.: +43 1 24050 421<br \/>\nE-Mail: <a href=\"mailto:Baerbl.benesch@xerox.com\" target=\"_blank\" rel=\"noopener\">Baerbl.benesch@xerox.com<\/a><\/p>\n<p>WE Communications<br \/>\nKatharina S\u00f6ltenfu\u00df<br \/>\nTel: +49 89 62 81 75 03<br \/>\nE-Mail: <a href=\"mailto:XeroxGermany@we-worldwide.com\">XeroxGermany@we-worldwide.com<\/a><\/p>\n<p>Hinweis: Um RSS-Newsfeeds zu erhalten, besuchen Sie <a href=\"https:\/\/www.news.xerox.com\/\" target=\"_blank\" rel=\"noopener\">www.news.xerox.com<\/a>. F\u00fcr weitere Informationen, Branchenperspektiven sowie -ansichten besuchen Sie <a href=\"http:\/\/www.twitter.com\/xeroxdach\" target=\"_blank\" rel=\"noopener\">@XeroxDACH<\/a>, <a href=\"http:\/\/www.facebook.com\/XeroxDACH\" target=\"_blank\" rel=\"noopener\">www.facebook.com\/XeroxDACH<\/a>, <a href=\"http:\/\/www.instagram.com\/xerox\" target=\"_blank\" rel=\"noopener\">www.instagram.com\/xerox<\/a>, <a href=\"http:\/\/www.linkedin.com\/company\/xerox\" target=\"_blank\" rel=\"noopener\">www.linkedin.com\/company\/xerox<\/a>, <a href=\"http:\/\/www.youtube.com\/XeroxCorp\" target=\"_blank\" rel=\"noopener\">www.youtube.com\/XeroxCorp<\/a>.<\/p>\n<p>Xerox\u00ae ist eine Marke von Xerox in den Vereinigten Staaten und\/oder anderen L\u00e4ndern.<\/p>\n<figure id=\"attachment_5795\" aria-describedby=\"caption-attachment-5795\" style=\"width: 300px\" class=\"wp-caption aligncenter\"><a href=\"https:\/\/german.news.xerox.com\/wp-content\/uploads\/sites\/30\/2021\/05\/Isabella-Blueml-2_print.jpg\"><img loading=\"lazy\" decoding=\"async\" class=\"wp-image-5795 size-medium\" src=\"https:\/\/german.news.xerox.com\/wp-content\/uploads\/sites\/30\/2021\/05\/Isabella-Blueml-2_print-300x292.jpg\" alt=\"\" width=\"300\" height=\"292\" srcset=\"https:\/\/german.news.xerox.com\/wp-content\/uploads\/sites\/30\/2021\/05\/Isabella-Blueml-2_print-300x292.jpg 300w, https:\/\/german.news.xerox.com\/wp-content\/uploads\/sites\/30\/2021\/05\/Isabella-Blueml-2_print-1024x996.jpg 1024w, https:\/\/german.news.xerox.com\/wp-content\/uploads\/sites\/30\/2021\/05\/Isabella-Blueml-2_print-768x747.jpg 768w, https:\/\/german.news.xerox.com\/wp-content\/uploads\/sites\/30\/2021\/05\/Isabella-Blueml-2_print.jpg 1292w\" sizes=\"auto, (max-width: 300px) 100vw, 300px\" \/><\/a><figcaption id=\"caption-attachment-5795\" class=\"wp-caption-text\">Isabella Bl\u00fcml<\/figcaption><\/figure>\n<figure id=\"attachment_5796\" aria-describedby=\"caption-attachment-5796\" style=\"width: 225px\" class=\"wp-caption aligncenter\"><a href=\"https:\/\/german.news.xerox.com\/wp-content\/uploads\/sites\/30\/2021\/05\/Peter-Tabke_print.jpg\"><img loading=\"lazy\" decoding=\"async\" class=\"wp-image-5796 size-medium\" src=\"https:\/\/german.news.xerox.com\/wp-content\/uploads\/sites\/30\/2021\/05\/Peter-Tabke_print-225x300.jpg\" alt=\"\" width=\"225\" height=\"300\" srcset=\"https:\/\/german.news.xerox.com\/wp-content\/uploads\/sites\/30\/2021\/05\/Peter-Tabke_print-225x300.jpg 225w, https:\/\/german.news.xerox.com\/wp-content\/uploads\/sites\/30\/2021\/05\/Peter-Tabke_print.jpg 768w\" sizes=\"auto, (max-width: 225px) 100vw, 225px\" \/><\/a><figcaption id=\"caption-attachment-5796\" class=\"wp-caption-text\">Peter Tabke<\/figcaption><\/figure>\n<figure id=\"attachment_5797\" aria-describedby=\"caption-attachment-5797\" style=\"width: 225px\" class=\"wp-caption aligncenter\"><a href=\"https:\/\/german.news.xerox.com\/wp-content\/uploads\/sites\/30\/2021\/05\/Juergen-Weber_print.jpg\"><img loading=\"lazy\" decoding=\"async\" class=\"wp-image-5797 size-medium\" src=\"https:\/\/german.news.xerox.com\/wp-content\/uploads\/sites\/30\/2021\/05\/Juergen-Weber_print-225x300.jpg\" alt=\"\" width=\"225\" height=\"300\" srcset=\"https:\/\/german.news.xerox.com\/wp-content\/uploads\/sites\/30\/2021\/05\/Juergen-Weber_print-225x300.jpg 225w, https:\/\/german.news.xerox.com\/wp-content\/uploads\/sites\/30\/2021\/05\/Juergen-Weber_print.jpg 768w\" sizes=\"auto, (max-width: 225px) 100vw, 225px\" \/><\/a><figcaption id=\"caption-attachment-5797\" class=\"wp-caption-text\">J\u00fcrgen Weber<\/figcaption><\/figure>\n<p>&nbsp;<\/p>\n<p>&nbsp;<\/p>\n<p>&nbsp;<\/p>\n<p>&nbsp;<\/p>\n<p>&nbsp;<\/p>\n<p>&nbsp;<\/p>\n<p>&nbsp;<\/p>\n<p>&nbsp;<\/p>\n","protected":false},"excerpt":{"rendered":"<p>Xerox verk\u00fcndet die Ernennung drei neuer F\u00fchrungskr\u00e4fte: Peter Tabke ist neuer Head of Direct Sales f\u00fcr Deutschland, Isabella Bl\u00fcml \u00fcbernimmt die Position des Head of Direct Sales f\u00fcr \u00d6sterreich und J\u00fcrgen Weber ist Head of Direct Sales f\u00fcr die Schweiz. Bl\u00fcml und Weber \u00fcbernehmen dar\u00fcber hinaus die Rolle der Gesch\u00e4ftsf\u00fchrung f\u00fcr \u00d6sterreich beziehungsweise die Schweiz. [&hellip;]<\/p>\n","protected":false},"author":32,"featured_media":0,"comment_status":"closed","ping_status":"closed","sticky":false,"template":"","format":"standard","meta":{"footnotes":""},"categories":[1],"tags":[],"xrx_drupal":[],"class_list":["post-5794","post","type-post","status-publish","format-standard","hentry","category-uncategorized"],"yoast_head":"<!-- This site is optimized with the Yoast SEO plugin v19.1 - https:\/\/yoast.com\/wordpress\/plugins\/seo\/ -->\n<title>Xerox besetzt F\u00fchrungspositionen in der DACH-Region neu - Xerox Nachrichten<\/title>\n<meta name=\"robots\" content=\"index, follow, max-snippet:-1, max-image-preview:large, max-video-preview:-1\" \/>\n<meta property=\"og:locale\" content=\"de_DE\" \/>\n<meta property=\"og:type\" content=\"article\" \/>\n<meta property=\"og:title\" content=\"Xerox besetzt F\u00fchrungspositionen in der DACH-Region neu - Xerox Nachrichten\" \/>\n<meta property=\"og:description\" content=\"Xerox verk\u00fcndet die Ernennung drei neuer F\u00fchrungskr\u00e4fte: Peter Tabke ist neuer Head of Direct Sales f\u00fcr Deutschland, Isabella Bl\u00fcml \u00fcbernimmt die Position des Head of Direct Sales f\u00fcr \u00d6sterreich und J\u00fcrgen Weber ist Head of Direct Sales f\u00fcr die Schweiz. Bl\u00fcml und Weber \u00fcbernehmen dar\u00fcber hinaus die Rolle der Gesch\u00e4ftsf\u00fchrung f\u00fcr \u00d6sterreich beziehungsweise die Schweiz. [&hellip;]\" \/>\n<meta property=\"og:url\" content=\"https:\/\/german.news.xerox.com\/de-de\/2021\/05\/17\/xerox-besetzt-fuehrungspositionen-in-der-dach-region-neu\/\" \/>\n<meta property=\"og:site_name\" content=\"Xerox Nachrichten\" \/>\n<meta property=\"article:published_time\" content=\"2021-05-17T14:19:59+00:00\" \/>\n<meta property=\"article:modified_time\" content=\"2021-05-17T14:35:33+00:00\" \/>\n<meta property=\"og:image\" content=\"https:\/\/german.news.xerox.com\/wp-content\/uploads\/sites\/30\/2021\/05\/Isabella-Blueml-2_print-300x292.jpg\" \/>\n<meta name=\"twitter:card\" content=\"summary_large_image\" \/>\n<meta name=\"twitter:label1\" content=\"Verfasst von\" \/>\n\t<meta name=\"twitter:data1\" content=\"bbnese\" \/>\n\t<meta name=\"twitter:label2\" content=\"Gesch\u00e4tzte Lesezeit\" \/>\n\t<meta name=\"twitter:data2\" content=\"2 Minuten\" \/>\n<script type=\"application\/ld+json\" class=\"yoast-schema-graph\">{\"@context\":\"https:\/\/schema.org\",\"@graph\":[{\"@type\":\"WebSite\",\"@id\":\"https:\/\/german.news.xerox.com\/de-de\/#website\",\"url\":\"https:\/\/german.news.xerox.com\/de-de\/\",\"name\":\"Xerox Nachrichten\",\"description\":\"\",\"potentialAction\":[{\"@type\":\"SearchAction\",\"target\":{\"@type\":\"EntryPoint\",\"urlTemplate\":\"https:\/\/german.news.xerox.com\/de-de\/?s={search_term_string}\"},\"query-input\":\"required name=search_term_string\"}],\"inLanguage\":\"de-DE\"},{\"@type\":\"ImageObject\",\"inLanguage\":\"de-DE\",\"@id\":\"https:\/\/german.news.xerox.com\/de-de\/2021\/05\/17\/xerox-besetzt-fuehrungspositionen-in-der-dach-region-neu\/#primaryimage\",\"url\":\"https:\/\/german.news.xerox.com\/wp-content\/uploads\/sites\/30\/2021\/05\/Isabella-Blueml-2_print.jpg\",\"contentUrl\":\"https:\/\/german.news.xerox.com\/wp-content\/uploads\/sites\/30\/2021\/05\/Isabella-Blueml-2_print.jpg\",\"width\":1292,\"height\":1257,\"caption\":\"Foto von Zsolt Marton\"},{\"@type\":\"WebPage\",\"@id\":\"https:\/\/german.news.xerox.com\/de-de\/2021\/05\/17\/xerox-besetzt-fuehrungspositionen-in-der-dach-region-neu\/#webpage\",\"url\":\"https:\/\/german.news.xerox.com\/de-de\/2021\/05\/17\/xerox-besetzt-fuehrungspositionen-in-der-dach-region-neu\/\",\"name\":\"Xerox besetzt F\u00fchrungspositionen in der DACH-Region neu - Xerox Nachrichten\",\"isPartOf\":{\"@id\":\"https:\/\/german.news.xerox.com\/de-de\/#website\"},\"primaryImageOfPage\":{\"@id\":\"https:\/\/german.news.xerox.com\/de-de\/2021\/05\/17\/xerox-besetzt-fuehrungspositionen-in-der-dach-region-neu\/#primaryimage\"},\"datePublished\":\"2021-05-17T14:19:59+00:00\",\"dateModified\":\"2021-05-17T14:35:33+00:00\",\"author\":{\"@id\":\"https:\/\/german.news.xerox.com\/de-de\/#\/schema\/person\/7034b781a26b7c9a445af9d6250bf6b7\"},\"breadcrumb\":{\"@id\":\"https:\/\/german.news.xerox.com\/de-de\/2021\/05\/17\/xerox-besetzt-fuehrungspositionen-in-der-dach-region-neu\/#breadcrumb\"},\"inLanguage\":\"de-DE\",\"potentialAction\":[{\"@type\":\"ReadAction\",\"target\":[\"https:\/\/german.news.xerox.com\/de-de\/2021\/05\/17\/xerox-besetzt-fuehrungspositionen-in-der-dach-region-neu\/\"]}]},{\"@type\":\"BreadcrumbList\",\"@id\":\"https:\/\/german.news.xerox.com\/de-de\/2021\/05\/17\/xerox-besetzt-fuehrungspositionen-in-der-dach-region-neu\/#breadcrumb\",\"itemListElement\":[{\"@type\":\"ListItem\",\"position\":1,\"name\":\"Home\",\"item\":\"https:\/\/german.news.xerox.com\/de-de\/\"},{\"@type\":\"ListItem\",\"position\":2,\"name\":\"Xerox besetzt F\u00fchrungspositionen in der DACH-Region neu\"}]},{\"@type\":\"Person\",\"@id\":\"https:\/\/german.news.xerox.com\/de-de\/#\/schema\/person\/7034b781a26b7c9a445af9d6250bf6b7\",\"name\":\"bbnese\",\"image\":{\"@type\":\"ImageObject\",\"inLanguage\":\"de-DE\",\"@id\":\"https:\/\/german.news.xerox.com\/de-de\/#\/schema\/person\/image\/\",\"url\":\"https:\/\/secure.gravatar.com\/avatar\/052f61d6388d52985c88b284c5bf47d175b864b6568f93cd2f99168712b9ee48?s=96&r=g\",\"contentUrl\":\"https:\/\/secure.gravatar.com\/avatar\/052f61d6388d52985c88b284c5bf47d175b864b6568f93cd2f99168712b9ee48?s=96&r=g\",\"caption\":\"bbnese\"},\"url\":\"https:\/\/german.news.xerox.com\/de-de\/author\/bbenesch\/\"}]}<\/script>\n<!-- \/ Yoast SEO plugin. -->","yoast_head_json":{"title":"Xerox besetzt F\u00fchrungspositionen in der DACH-Region neu - Xerox Nachrichten","robots":{"index":"index","follow":"follow","max-snippet":"max-snippet:-1","max-image-preview":"max-image-preview:large","max-video-preview":"max-video-preview:-1"},"og_locale":"de_DE","og_type":"article","og_title":"Xerox besetzt F\u00fchrungspositionen in der DACH-Region neu - Xerox Nachrichten","og_description":"Xerox verk\u00fcndet die Ernennung drei neuer F\u00fchrungskr\u00e4fte: Peter Tabke ist neuer Head of Direct Sales f\u00fcr Deutschland, Isabella Bl\u00fcml \u00fcbernimmt die Position des Head of Direct Sales f\u00fcr \u00d6sterreich und J\u00fcrgen Weber ist Head of Direct Sales f\u00fcr die Schweiz. Bl\u00fcml und Weber \u00fcbernehmen dar\u00fcber hinaus die Rolle der Gesch\u00e4ftsf\u00fchrung f\u00fcr \u00d6sterreich beziehungsweise die Schweiz. [&hellip;]","og_url":"https:\/\/german.news.xerox.com\/de-de\/2021\/05\/17\/xerox-besetzt-fuehrungspositionen-in-der-dach-region-neu\/","og_site_name":"Xerox Nachrichten","article_published_time":"2021-05-17T14:19:59+00:00","article_modified_time":"2021-05-17T14:35:33+00:00","og_image":[{"url":"https:\/\/german.news.xerox.com\/wp-content\/uploads\/sites\/30\/2021\/05\/Isabella-Blueml-2_print-300x292.jpg"}],"twitter_card":"summary_large_image","twitter_misc":{"Verfasst von":"bbnese","Gesch\u00e4tzte Lesezeit":"2 Minuten"},"schema":{"@context":"https:\/\/schema.org","@graph":[{"@type":"WebSite","@id":"https:\/\/german.news.xerox.com\/de-de\/#website","url":"https:\/\/german.news.xerox.com\/de-de\/","name":"Xerox Nachrichten","description":"","potentialAction":[{"@type":"SearchAction","target":{"@type":"EntryPoint","urlTemplate":"https:\/\/german.news.xerox.com\/de-de\/?s={search_term_string}"},"query-input":"required name=search_term_string"}],"inLanguage":"de-DE"},{"@type":"ImageObject","inLanguage":"de-DE","@id":"https:\/\/german.news.xerox.com\/de-de\/2021\/05\/17\/xerox-besetzt-fuehrungspositionen-in-der-dach-region-neu\/#primaryimage","url":"https:\/\/german.news.xerox.com\/wp-content\/uploads\/sites\/30\/2021\/05\/Isabella-Blueml-2_print.jpg","contentUrl":"https:\/\/german.news.xerox.com\/wp-content\/uploads\/sites\/30\/2021\/05\/Isabella-Blueml-2_print.jpg","width":1292,"height":1257,"caption":"Foto von Zsolt Marton"},{"@type":"WebPage","@id":"https:\/\/german.news.xerox.com\/de-de\/2021\/05\/17\/xerox-besetzt-fuehrungspositionen-in-der-dach-region-neu\/#webpage","url":"https:\/\/german.news.xerox.com\/de-de\/2021\/05\/17\/xerox-besetzt-fuehrungspositionen-in-der-dach-region-neu\/","name":"Xerox besetzt F\u00fchrungspositionen in der DACH-Region neu - Xerox Nachrichten","isPartOf":{"@id":"https:\/\/german.news.xerox.com\/de-de\/#website"},"primaryImageOfPage":{"@id":"https:\/\/german.news.xerox.com\/de-de\/2021\/05\/17\/xerox-besetzt-fuehrungspositionen-in-der-dach-region-neu\/#primaryimage"},"datePublished":"2021-05-17T14:19:59+00:00","dateModified":"2021-05-17T14:35:33+00:00","author":{"@id":"https:\/\/german.news.xerox.com\/de-de\/#\/schema\/person\/7034b781a26b7c9a445af9d6250bf6b7"},"breadcrumb":{"@id":"https:\/\/german.news.xerox.com\/de-de\/2021\/05\/17\/xerox-besetzt-fuehrungspositionen-in-der-dach-region-neu\/#breadcrumb"},"inLanguage":"de-DE","potentialAction":[{"@type":"ReadAction","target":["https:\/\/german.news.xerox.com\/de-de\/2021\/05\/17\/xerox-besetzt-fuehrungspositionen-in-der-dach-region-neu\/"]}]},{"@type":"BreadcrumbList","@id":"https:\/\/german.news.xerox.com\/de-de\/2021\/05\/17\/xerox-besetzt-fuehrungspositionen-in-der-dach-region-neu\/#breadcrumb","itemListElement":[{"@type":"ListItem","position":1,"name":"Home","item":"https:\/\/german.news.xerox.com\/de-de\/"},{"@type":"ListItem","position":2,"name":"Xerox besetzt F\u00fchrungspositionen in der DACH-Region neu"}]},{"@type":"Person","@id":"https:\/\/german.news.xerox.com\/de-de\/#\/schema\/person\/7034b781a26b7c9a445af9d6250bf6b7","name":"bbnese","image":{"@type":"ImageObject","inLanguage":"de-DE","@id":"https:\/\/german.news.xerox.com\/de-de\/#\/schema\/person\/image\/","url":"https:\/\/secure.gravatar.com\/avatar\/052f61d6388d52985c88b284c5bf47d175b864b6568f93cd2f99168712b9ee48?s=96&r=g","contentUrl":"https:\/\/secure.gravatar.com\/avatar\/052f61d6388d52985c88b284c5bf47d175b864b6568f93cd2f99168712b9ee48?s=96&r=g","caption":"bbnese"},"url":"https:\/\/german.news.xerox.com\/de-de\/author\/bbenesch\/"}]}},"comment_count":"0","author_name":" ","featured_image_url":false,"ordered_images":null,"drupal_category":[],"_links":{"self":[{"href":"https:\/\/german.news.xerox.com\/de-dewp-json\/wp\/v2\/posts\/5794","targetHints":{"allow":["GET"]}}],"collection":[{"href":"https:\/\/german.news.xerox.com\/de-dewp-json\/wp\/v2\/posts"}],"about":[{"href":"https:\/\/german.news.xerox.com\/de-dewp-json\/wp\/v2\/types\/post"}],"author":[{"embeddable":true,"href":"https:\/\/german.news.xerox.com\/de-dewp-json\/wp\/v2\/users\/32"}],"replies":[{"embeddable":true,"href":"https:\/\/german.news.xerox.com\/de-dewp-json\/wp\/v2\/comments?post=5794"}],"version-history":[{"count":0,"href":"https:\/\/german.news.xerox.com\/de-dewp-json\/wp\/v2\/posts\/5794\/revisions"}],"wp:attachment":[{"href":"https:\/\/german.news.xerox.com\/de-dewp-json\/wp\/v2\/media?parent=5794"}],"wp:term":[{"taxonomy":"category","embeddable":true,"href":"https:\/\/german.news.xerox.com\/de-dewp-json\/wp\/v2\/categories?post=5794"},{"taxonomy":"post_tag","embeddable":true,"href":"https:\/\/german.news.xerox.com\/de-dewp-json\/wp\/v2\/tags?post=5794"},{"taxonomy":"xrx_drupal","embeddable":true,"href":"https:\/\/german.news.xerox.com\/de-dewp-json\/wp\/v2\/xrx_drupal?post=5794"}],"curies":[{"name":"wp","href":"https:\/\/api.w.org\/{rel}","templated":true}]}}