{"id":5991,"date":"2026-03-30T07:11:47","date_gmt":"2026-03-30T05:11:47","guid":{"rendered":"https:\/\/german.news.xerox.com\/?p=5991"},"modified":"2026-04-07T07:13:35","modified_gmt":"2026-04-07T05:13:35","slug":"xerox-ernennt-louie-pastor-zum-chief-executive-officer","status":"publish","type":"post","link":"https:\/\/german.news.xerox.com\/de-de\/2026\/03\/30\/xerox-ernennt-louie-pastor-zum-chief-executive-officer\/","title":{"rendered":"Xerox ernennt Louie Pastor zum Chief Executive Officer"},"content":{"rendered":"<p><em>Das Unternehmen bekr\u00e4ftigt seine Finanzprognose f\u00fcr 2026<\/em><\/p>\n<p><strong>Norwalk, 30. M\u00e4rz 2026 \u2013<\/strong> Xerox hat heute bekanntgegeben, dass Steve Bandrowczak als Chief Executive Officer zur\u00fccktritt. Zugleich hat der Aufsichtsrat Louie Pastor mit sofortiger Wirkung zum Chief Executive Officer ernannt.<\/p>\n<p>\u201eIm Namen des Aufsichtsrats und des gesamten Xerox-Teams m\u00f6chte ich Steve Bandrowczak f\u00fcr seine F\u00fchrungsst\u00e4rke in einer entscheidenden Phase des Unternehmens danken, einschlie\u00dflich der erfolgreichen \u00dcbernahmen und Integrationen von Lexmark und ITsavvy\u201c, so Scott Letier, Aufsichtsratsvorsitzender von Xerox. \u201eLouie Pastor vereint in besonderer Weise operative Disziplin, strategisches Verst\u00e4ndnis und eine umfassende Kenntnis\u00a0 von Xerox. Er hat bereits seit geraumer Zeit eine zentrale Rolle bei der Umsetzung unserer Strategie, der St\u00e4rkung unseres Betriebsmodells und der unternehmensweiten Transformationinne. Der Aufsichtsrat ist \u00fcberzeugt, dass Louies F\u00fchrungsst\u00e4rke und sein klarer Fokus auf die Positionierung von Xerox das Unternehmen nachhaltig st\u00e4rken werden, w\u00e4hrend wir unsere strategischen und finanziellen Ziele weiterhin konsequent verfolgen und erfolgreich umsetzen.\u201c<\/p>\n<p>Pastor war zuletzt Pr\u00e4sident und Chief Operating Officer bei Xerox und spielte eine entscheidende Rolle bei der Weiterentwicklung der Unternehmensstrategie und des operativen Gesch\u00e4fts. In dieser Funktion verantwortete er die unternehmensweite Transformation, die globale Servicebereitstellung, das Revenue Operations Management, Marketing und Kommunikation sowie die Personal- und Technologieabteilungen des Unternehmens. Damit trug er zur Beschleunigung der Wachstumsinitiativen von Xerox bei.<\/p>\n<p>\u201eEs ist mir eine Ehre, die Rolle des CEO zu \u00fcbernehmen und f\u00fcr Xerox ein n\u00e4chstes Kapitel aufzuschlagen\u201c, so Louie Pastor, Chief Executive Officer von Xerox. \u201eSteves F\u00fchrungsqualit\u00e4ten haben ma\u00dfgeblich dazu beigetragen, das Fundament des Unternehmens zu st\u00e4rken und Xerox f\u00fcr langfristigen Erfolg zu positionieren. Wir verf\u00fcgen \u00fcber ein starkes Team mit einem klaren Fokus auf Implementierung. Ich freue mich darauf, unsere Priorit\u00e4ten in die Tat umzusetzen und starke Ergebnisse zu erzielen .\u201c<\/p>\n<p>\u201eIch habe es als gro\u00dfes Privileg empfunden, Xerox durch eine Zeit bedeutender Ver\u00e4nderungen in unserer Branche zu f\u00fchren\u201c, sagte Steve Bandrowczak. \u201eIn den vergangenen Jahren haben wir wichtige Schritte unternommen, um das Unternehmen zu st\u00e4rken, und ich bin stolz auf die Resilienz unseres Teams. Ich danke dem Aufsichtsrat und dem F\u00fchrungsteam f\u00fcr ihre Unterst\u00fctzung w\u00e4hrend meiner Zeit als CEO und w\u00fcnsche dem Unternehmen f\u00fcr sein n\u00e4chstes Kapitel alles Gute. Ich bin \u00fcberzeugt, dass Louie das Unternehmen mit dem notwendigen Fokus und der erforderlichen Umsetzungsdisziplin f\u00fchren wird.\u201c<\/p>\n<p>Das Unternehmen bekr\u00e4ftigt seine Prognose f\u00fcr das Gesamtjahr 2026 und liegt weiterhin im Plan, seine finanziellen und operativen Ziele zu erreichen.<\/p>\n<p><strong>\u00dcber Xerox Holdings Corporation (NASDAQ: XRX)<\/strong><\/p>\n<p>Seit mehr als 100 Jahren definiert Xerox das Arbeitsplatzerlebnis kontinuierlich neu. Wir nutzen unsere F\u00fchrungsposition in der B\u00fcro- und Produktionsdrucktechnologie und haben uns auf Software und Dienstleistungen ausgeweitet, um die Belegschaft von heute nachhaltig zu unterst\u00fctzen. Vom B\u00fcro bis zur industriellen Umgebung sind unsere differenzierten Gesch\u00e4ftsl\u00f6sungen und Finanzdienstleistungen darauf ausgelegt, die t\u00e4gliche Arbeit f\u00fcr Kunden zu verbessern \u2013 unabh\u00e4ngig davon, wo diese Arbeit erledigt wird. Heute setzen die Wissenschaftler und Ingenieure von Xerox unser Verm\u00e4chtnis der Innovation mit disruptiven Technologien in den Bereichen digitale Transformation, Augmented Reality, robotergesteuerte Prozessautomatisierung, additive Fertigung, industrielles Internet der Dinge und Cleantech fort. Erfahren Sie mehr unter <a href=\"https:\/\/www.xerox.com\/\">xerox.com<\/a><\/p>\n<p><strong>\u00a0<\/strong><strong>\u00a0<\/strong><\/p>\n<p><strong>Pressekontakt:<\/strong><\/p>\n<p><u>\u00a0<\/u><strong>Profil PR<\/strong><\/p>\n<p>Birka Lay<\/p>\n<p>Tel: +49 531 387 33 24<\/p>\n<p><a href=\"mailto:b.lay@profil-pr.com\">b.lay@profil-pr.com<\/a><\/p>\n<p><strong>Anmerkung:<\/strong> Um RSS-Newsfeeds zu erhalten, besuchen Sie <a href=\"https:\/\/www.news.xerox.com\">https:\/\/www.news.xerox.com<\/a>. Offene Kommentare, Branchenperspektiven und Ansichten finden Sie unter <a href=\"http:\/\/www.linkedin.com\/company\/xerox\">http:\/\/www.linkedin.com\/company\/xerox<\/a>, <a href=\"http:\/\/twitter.com\/xerox\">http:\/\/twitter.com\/xerox<\/a>, <a href=\"http:\/\/www.facebook.com\/XeroxCorp\">http:\/\/www.facebook.com\/XeroxCorp<\/a>, <a href=\"https:\/\/www.instagram.com\/xerox\/\">https:\/\/www.instagram.com\/xerox\/<\/a>, <a href=\"http:\/\/www.youtube.com\/XeroxCorp\">http:\/\/www.youtube.com\/XeroxCorp<\/a>.<\/p>\n<p>\u00a92026 Xerox Corporation. Alle Rechte vorbehalten. Xerox\u00ae und FreeFlow\u00ae sind Marken von Xerox in den Vereinigten Staaten und\/oder anderen L\u00e4ndern. XMPie\u00ae ist eine Marke von XMPie Inc. Fiery\u00ae ist eine Marke von Fiery Inc.<\/p>\n","protected":false},"excerpt":{"rendered":"<p>Das Unternehmen bekr\u00e4ftigt seine Finanzprognose f\u00fcr 2026 Norwalk, 30. M\u00e4rz 2026 \u2013 Xerox hat heute bekanntgegeben, dass Steve Bandrowczak als Chief Executive Officer zur\u00fccktritt. Zugleich hat der Aufsichtsrat Louie Pastor mit sofortiger Wirkung zum Chief Executive Officer ernannt. \u201eIm Namen des Aufsichtsrats und des gesamten Xerox-Teams m\u00f6chte ich Steve Bandrowczak f\u00fcr seine F\u00fchrungsst\u00e4rke in einer [&hellip;]<\/p>\n","protected":false},"author":100,"featured_media":0,"comment_status":"closed","ping_status":"closed","sticky":false,"template":"","format":"standard","meta":{"footnotes":""},"categories":[1],"tags":[],"xrx_drupal":[],"class_list":["post-5991","post","type-post","status-publish","format-standard","hentry","category-uncategorized"],"yoast_head":"<!-- This site is optimized with the Yoast SEO plugin v19.1 - https:\/\/yoast.com\/wordpress\/plugins\/seo\/ -->\n<title>Xerox ernennt Louie Pastor zum Chief Executive Officer - Xerox Nachrichten<\/title>\n<meta name=\"robots\" content=\"index, follow, max-snippet:-1, max-image-preview:large, max-video-preview:-1\" \/>\n<meta property=\"og:locale\" content=\"de_DE\" \/>\n<meta property=\"og:type\" content=\"article\" \/>\n<meta property=\"og:title\" content=\"Xerox ernennt Louie Pastor zum Chief Executive Officer - Xerox Nachrichten\" \/>\n<meta property=\"og:description\" content=\"Das Unternehmen bekr\u00e4ftigt seine Finanzprognose f\u00fcr 2026 Norwalk, 30. M\u00e4rz 2026 \u2013 Xerox hat heute bekanntgegeben, dass Steve Bandrowczak als Chief Executive Officer zur\u00fccktritt. Zugleich hat der Aufsichtsrat Louie Pastor mit sofortiger Wirkung zum Chief Executive Officer ernannt. \u201eIm Namen des Aufsichtsrats und des gesamten Xerox-Teams m\u00f6chte ich Steve Bandrowczak f\u00fcr seine F\u00fchrungsst\u00e4rke in einer [&hellip;]\" \/>\n<meta property=\"og:url\" content=\"https:\/\/german.news.xerox.com\/2026\/03\/30\/xerox-ernennt-louie-pastor-zum-chief-executive-officer\/\" \/>\n<meta property=\"og:site_name\" content=\"Xerox Nachrichten\" \/>\n<meta property=\"article:published_time\" content=\"2026-03-30T05:11:47+00:00\" \/>\n<meta property=\"article:modified_time\" content=\"2026-04-07T05:13:35+00:00\" \/>\n<meta name=\"twitter:card\" content=\"summary_large_image\" \/>\n<meta name=\"twitter:label1\" content=\"Verfasst von\" \/>\n\t<meta name=\"twitter:data1\" content=\"awinter\" \/>\n\t<meta name=\"twitter:label2\" content=\"Gesch\u00e4tzte Lesezeit\" \/>\n\t<meta name=\"twitter:data2\" content=\"3 Minuten\" \/>\n<script type=\"application\/ld+json\" class=\"yoast-schema-graph\">{\"@context\":\"https:\/\/schema.org\",\"@graph\":[{\"@type\":\"WebSite\",\"@id\":\"https:\/\/german.news.xerox.com\/de-de\/#website\",\"url\":\"https:\/\/german.news.xerox.com\/de-de\/\",\"name\":\"Xerox Nachrichten\",\"description\":\"\",\"potentialAction\":[{\"@type\":\"SearchAction\",\"target\":{\"@type\":\"EntryPoint\",\"urlTemplate\":\"https:\/\/german.news.xerox.com\/de-de\/?s={search_term_string}\"},\"query-input\":\"required name=search_term_string\"}],\"inLanguage\":\"de-DE\"},{\"@type\":\"WebPage\",\"@id\":\"https:\/\/german.news.xerox.com\/2026\/03\/30\/xerox-ernennt-louie-pastor-zum-chief-executive-officer\/#webpage\",\"url\":\"https:\/\/german.news.xerox.com\/2026\/03\/30\/xerox-ernennt-louie-pastor-zum-chief-executive-officer\/\",\"name\":\"Xerox ernennt Louie Pastor zum Chief Executive Officer - Xerox Nachrichten\",\"isPartOf\":{\"@id\":\"https:\/\/german.news.xerox.com\/de-de\/#website\"},\"datePublished\":\"2026-03-30T05:11:47+00:00\",\"dateModified\":\"2026-04-07T05:13:35+00:00\",\"author\":{\"@id\":\"https:\/\/german.news.xerox.com\/de-de\/#\/schema\/person\/fa25da6df1349b9c58c805caa83940be\"},\"breadcrumb\":{\"@id\":\"https:\/\/german.news.xerox.com\/2026\/03\/30\/xerox-ernennt-louie-pastor-zum-chief-executive-officer\/#breadcrumb\"},\"inLanguage\":\"de-DE\",\"potentialAction\":[{\"@type\":\"ReadAction\",\"target\":[\"https:\/\/german.news.xerox.com\/2026\/03\/30\/xerox-ernennt-louie-pastor-zum-chief-executive-officer\/\"]}]},{\"@type\":\"BreadcrumbList\",\"@id\":\"https:\/\/german.news.xerox.com\/2026\/03\/30\/xerox-ernennt-louie-pastor-zum-chief-executive-officer\/#breadcrumb\",\"itemListElement\":[{\"@type\":\"ListItem\",\"position\":1,\"name\":\"Home\",\"item\":\"https:\/\/german.news.xerox.com\/de-de\/\"},{\"@type\":\"ListItem\",\"position\":2,\"name\":\"Xerox ernennt Louie Pastor zum Chief Executive Officer\"}]},{\"@type\":\"Person\",\"@id\":\"https:\/\/german.news.xerox.com\/de-de\/#\/schema\/person\/fa25da6df1349b9c58c805caa83940be\",\"name\":\"awinter\",\"image\":{\"@type\":\"ImageObject\",\"inLanguage\":\"de-DE\",\"@id\":\"https:\/\/german.news.xerox.com\/de-de\/#\/schema\/person\/image\/\",\"url\":\"https:\/\/secure.gravatar.com\/avatar\/2eeb80d53610b93cd70335e516a954a45a554b10f6b3b294baae49f59f4d8e9b?s=96&r=g\",\"contentUrl\":\"https:\/\/secure.gravatar.com\/avatar\/2eeb80d53610b93cd70335e516a954a45a554b10f6b3b294baae49f59f4d8e9b?s=96&r=g\",\"caption\":\"awinter\"},\"url\":\"https:\/\/german.news.xerox.com\/de-de\/author\/awinter\/\"}]}<\/script>\n<!-- \/ Yoast SEO plugin. -->","yoast_head_json":{"title":"Xerox ernennt Louie Pastor zum Chief Executive Officer - Xerox Nachrichten","robots":{"index":"index","follow":"follow","max-snippet":"max-snippet:-1","max-image-preview":"max-image-preview:large","max-video-preview":"max-video-preview:-1"},"og_locale":"de_DE","og_type":"article","og_title":"Xerox ernennt Louie Pastor zum Chief Executive Officer - Xerox Nachrichten","og_description":"Das Unternehmen bekr\u00e4ftigt seine Finanzprognose f\u00fcr 2026 Norwalk, 30. M\u00e4rz 2026 \u2013 Xerox hat heute bekanntgegeben, dass Steve Bandrowczak als Chief Executive Officer zur\u00fccktritt. Zugleich hat der Aufsichtsrat Louie Pastor mit sofortiger Wirkung zum Chief Executive Officer ernannt. \u201eIm Namen des Aufsichtsrats und des gesamten Xerox-Teams m\u00f6chte ich Steve Bandrowczak f\u00fcr seine F\u00fchrungsst\u00e4rke in einer [&hellip;]","og_url":"https:\/\/german.news.xerox.com\/2026\/03\/30\/xerox-ernennt-louie-pastor-zum-chief-executive-officer\/","og_site_name":"Xerox Nachrichten","article_published_time":"2026-03-30T05:11:47+00:00","article_modified_time":"2026-04-07T05:13:35+00:00","twitter_card":"summary_large_image","twitter_misc":{"Verfasst von":"awinter","Gesch\u00e4tzte Lesezeit":"3 Minuten"},"schema":{"@context":"https:\/\/schema.org","@graph":[{"@type":"WebSite","@id":"https:\/\/german.news.xerox.com\/de-de\/#website","url":"https:\/\/german.news.xerox.com\/de-de\/","name":"Xerox Nachrichten","description":"","potentialAction":[{"@type":"SearchAction","target":{"@type":"EntryPoint","urlTemplate":"https:\/\/german.news.xerox.com\/de-de\/?s={search_term_string}"},"query-input":"required name=search_term_string"}],"inLanguage":"de-DE"},{"@type":"WebPage","@id":"https:\/\/german.news.xerox.com\/2026\/03\/30\/xerox-ernennt-louie-pastor-zum-chief-executive-officer\/#webpage","url":"https:\/\/german.news.xerox.com\/2026\/03\/30\/xerox-ernennt-louie-pastor-zum-chief-executive-officer\/","name":"Xerox ernennt Louie Pastor zum Chief Executive Officer - Xerox Nachrichten","isPartOf":{"@id":"https:\/\/german.news.xerox.com\/de-de\/#website"},"datePublished":"2026-03-30T05:11:47+00:00","dateModified":"2026-04-07T05:13:35+00:00","author":{"@id":"https:\/\/german.news.xerox.com\/de-de\/#\/schema\/person\/fa25da6df1349b9c58c805caa83940be"},"breadcrumb":{"@id":"https:\/\/german.news.xerox.com\/2026\/03\/30\/xerox-ernennt-louie-pastor-zum-chief-executive-officer\/#breadcrumb"},"inLanguage":"de-DE","potentialAction":[{"@type":"ReadAction","target":["https:\/\/german.news.xerox.com\/2026\/03\/30\/xerox-ernennt-louie-pastor-zum-chief-executive-officer\/"]}]},{"@type":"BreadcrumbList","@id":"https:\/\/german.news.xerox.com\/2026\/03\/30\/xerox-ernennt-louie-pastor-zum-chief-executive-officer\/#breadcrumb","itemListElement":[{"@type":"ListItem","position":1,"name":"Home","item":"https:\/\/german.news.xerox.com\/de-de\/"},{"@type":"ListItem","position":2,"name":"Xerox ernennt Louie Pastor zum Chief Executive Officer"}]},{"@type":"Person","@id":"https:\/\/german.news.xerox.com\/de-de\/#\/schema\/person\/fa25da6df1349b9c58c805caa83940be","name":"awinter","image":{"@type":"ImageObject","inLanguage":"de-DE","@id":"https:\/\/german.news.xerox.com\/de-de\/#\/schema\/person\/image\/","url":"https:\/\/secure.gravatar.com\/avatar\/2eeb80d53610b93cd70335e516a954a45a554b10f6b3b294baae49f59f4d8e9b?s=96&r=g","contentUrl":"https:\/\/secure.gravatar.com\/avatar\/2eeb80d53610b93cd70335e516a954a45a554b10f6b3b294baae49f59f4d8e9b?s=96&r=g","caption":"awinter"},"url":"https:\/\/german.news.xerox.com\/de-de\/author\/awinter\/"}]}},"comment_count":"0","author_name":" ","featured_image_url":false,"ordered_images":null,"drupal_category":[],"_links":{"self":[{"href":"https:\/\/german.news.xerox.com\/de-dewp-json\/wp\/v2\/posts\/5991","targetHints":{"allow":["GET"]}}],"collection":[{"href":"https:\/\/german.news.xerox.com\/de-dewp-json\/wp\/v2\/posts"}],"about":[{"href":"https:\/\/german.news.xerox.com\/de-dewp-json\/wp\/v2\/types\/post"}],"author":[{"embeddable":true,"href":"https:\/\/german.news.xerox.com\/de-dewp-json\/wp\/v2\/users\/100"}],"replies":[{"embeddable":true,"href":"https:\/\/german.news.xerox.com\/de-dewp-json\/wp\/v2\/comments?post=5991"}],"version-history":[{"count":0,"href":"https:\/\/german.news.xerox.com\/de-dewp-json\/wp\/v2\/posts\/5991\/revisions"}],"wp:attachment":[{"href":"https:\/\/german.news.xerox.com\/de-dewp-json\/wp\/v2\/media?parent=5991"}],"wp:term":[{"taxonomy":"category","embeddable":true,"href":"https:\/\/german.news.xerox.com\/de-dewp-json\/wp\/v2\/categories?post=5991"},{"taxonomy":"post_tag","embeddable":true,"href":"https:\/\/german.news.xerox.com\/de-dewp-json\/wp\/v2\/tags?post=5991"},{"taxonomy":"xrx_drupal","embeddable":true,"href":"https:\/\/german.news.xerox.com\/de-dewp-json\/wp\/v2\/xrx_drupal?post=5991"}],"curies":[{"name":"wp","href":"https:\/\/api.w.org\/{rel}","templated":true}]}}